{"id":364,"date":"2024-06-13T14:24:46","date_gmt":"2024-06-13T14:24:46","guid":{"rendered":"https:\/\/www.proteprime.com.br\/blog\/?p=364"},"modified":"2025-02-13T17:34:11","modified_gmt":"2025-02-13T17:34:11","slug":"selo-muda-recicla","status":"publish","type":"post","link":"https:\/\/www.proteprime.com.br\/blog\/artigos\/selo-muda-recicla\/","title":{"rendered":""},"content":{"rendered":"<span class=\"span-reading-time rt-reading-time\" style=\"display: block;\"><span class=\"rt-label rt-prefix\">Tempo de leitura:<\/span> <span class=\"rt-time\"> 5<\/span> <span class=\"rt-label rt-postfix\">minutos<\/span><\/span>\n<p>Voc\u00ea j\u00e1 se perguntou como identificar produtos e empresas verdadeiramente comprometidos com a sustentabilidade?&nbsp;<\/p>\n\n\n\n<p>O Selo Muda Recicla n\u00e3o \u00e9 apenas uma certifica\u00e7\u00e3o, mas sim um compromisso com a transforma\u00e7\u00e3o positiva do meio ambiente e da sociedade. Ao adotar pr\u00e1ticas de Log\u00edstica Reversa completa, as empresas podem n\u00e3o s\u00f3 contribuir para a preserva\u00e7\u00e3o do planeta, mas tamb\u00e9m fortalecer sua imagem perante os consumidores conscientes.<\/p>\n\n\n\n<p>N\u00f3s da ProtePrime, verdadeiramente comprometidos com a busca por uma economia sustent\u00e1vel, temos orgulho em dizer que temos conquistado o selo Muda Recicla.<\/p>\n\n\n\n<p>Mas, afinal, o que realmente significa esse selo e quais s\u00e3o suas vantagens? Vamos entender melhor.<\/p>\n\n\n\n<p><strong>A Log\u00edstica Reversa<\/strong><\/p>\n\n\n\n<p>A log\u00edstica reversa \u00e9 o processo de retornar produtos, materiais ou res\u00edduos do ponto de consumo para o ponto de origem, com o objetivo de dar um destino adequado a esses itens. Ela envolve a coleta, desmontagem e processamento de produtos e materiais usados, visando o reaproveitamento ou a reciclagem dos componentes.<\/p>\n\n\n\n<p>Em outras palavras, a log\u00edstica reversa \u00e9 o caminho inverso da cadeia de suprimentos tradicional, onde os produtos seguem um fluxo do fabricante para o consumidor final. Na log\u00edstica reversa, esses produtos, embalagens ou res\u00edduos s\u00e3o coletados ap\u00f3s o uso e retornam aos fabricantes ou centros de reciclagem para serem reaproveitados ou descartados corretamente.<\/p>\n\n\n\n<p>Esse processo \u00e9 fundamental para fechar o ciclo de vida dos produtos, reduzindo o impacto ambiental e promovendo a sustentabilidade. Al\u00e9m disso, a log\u00edstica reversa pode gerar benef\u00edcios econ\u00f4micos ao recuperar valor de materiais e componentes que seriam descartados. \u00c9 uma pr\u00e1tica cada vez mais adotada por empresas comprometidas com a responsabilidade socioambiental.<\/p>\n\n\n\n<p><strong>O que \u00e9 o selo Muda Recicla?<\/strong><\/p>\n\n\n\n<p>O selo Muda Recicla \u00e9 uma certifica\u00e7\u00e3o de reciclagem que visa neutralizar o impacto ambiental das embalagens geradas no processo de comercializa\u00e7\u00e3o dos produtos. Essa distin\u00e7\u00e3o comprova que os materiais como papel, pl\u00e1stico, vidro e metal s\u00e3o devidamente encaminhados para centrais de reciclagem parceiras, garantindo que esses res\u00edduos sejam adequadamente reciclados e reaproveitados, configurando assim a completude da log\u00edstica reversa.<\/p>\n\n\n\n<p><strong>Para que serve o selo Muda Recicla?<\/strong><\/p>\n\n\n\n<ul class=\"wp-block-list\">\n<li><strong>Cumprimento da Legisla\u00e7\u00e3o<\/strong>: Ao possuir o selo, \u00e9 comprovado o alinhamento com a Lei PNRS (Pol\u00edtica Nacional de Res\u00edduos S\u00f3lidos), n\u00ba 12.305\/10, atrav\u00e9s da compensa\u00e7\u00e3o ambiental das embalagens p\u00f3s-consumo.<\/li>\n\n\n\n<li><strong>Promo\u00e7\u00e3o da Reciclagem<\/strong>: O selo incentiva a pr\u00e1tica da reciclagem mediante o pagamento de cr\u00e9ditos de reciclagem e a doa\u00e7\u00e3o integral dos res\u00edduos coletados para as centrais de triagem parceiras.<\/li>\n\n\n\n<li><strong>Seguran\u00e7a e Rastreabilidade<\/strong>: O processo \u00e9 auditado com rastreabilidade completa, desde o CNPJ at\u00e9 a nota fiscal de pagamento dos cr\u00e9ditos, assegurando transpar\u00eancia e confiabilidade.<\/li>\n\n\n\n<li><strong>Impacto Socioambiental<\/strong>: O selo Muda Recicla gera um impacto positivo, coletando mais de 600 toneladas de res\u00edduos mensalmente e promovendo a inclus\u00e3o social via renda duplicada por tonelada de material processado nas cooperativas parceiras.<\/li>\n<\/ul>\n\n\n\n<p><strong>Como funciona o selo Muda Recicla?<\/strong><\/p>\n\n\n\n<p>Um dos principais pilares do Selo Muda Recicla \u00e9 a gera\u00e7\u00e3o de adicionalidade de res\u00edduos na cadeia da reciclagem. Isso significa que, al\u00e9m de reciclar seus pr\u00f3prios res\u00edduos, as empresas certificadas contribuem com a doa\u00e7\u00e3o de materiais recicl\u00e1veis para cooperativas, ampliando assim o alcance e impacto positivo da reciclagem.<\/p>\n\n\n\n<p>A certifica\u00e7\u00e3o envolve um c\u00e1lculo detalhado dos produtos vendidos anualmente e o peso de cada embalagem envolvida no processo de venda. Definem-se as quantidades de materiais que precisam ser compensadas. A compensa\u00e7\u00e3o \u00e9 realizada atrav\u00e9s dessas doa\u00e7\u00f5es as centrais de triagem parceiras.<\/p>\n\n\n\n<p>Esse ciclo \u00e9 totalmente rastreado: desde a produ\u00e7\u00e3o industrial, passando pelo consumo, descarte, coleta, chegando \u00e0s cooperativas, reciclagem e, finalmente, retorno para a ind\u00fastria.<\/p>\n\n\n\n<figure class=\"wp-block-image\"><img decoding=\"async\" src=\"https:\/\/lh7-us.googleusercontent.com\/docsz\/AD_4nXcFjjUsOe4ae7gFKQ5UgI09gblz3cA9G43asM1gU2Gl5n0Ld6BbH19dK9_HJrEBtsZ2z4aAnrnP_O_0cZgoomp1NDYEetM56mKrjoI4UnI_MQXyzyp2nexCoNNUdVeetWxmunSqao14oipLQXANB_B2e5l-1bmcKxfWl1hSrg?key=fZhPoobVK4BETCWV7WGXIQ\" alt=\"\"\/><\/figure>\n\n\n\n<p><a href=\"https:\/\/www.proteprime.com.br\/blog\/artigos\/o-ciclo-do-plastico\/\">Entenda como funciona o ciclo do pl\u00e1stico.<\/a><\/p>\n\n\n\n<p><strong>Vantagens de uma empresa ter o selo Muda Recicla<\/strong><\/p>\n\n\n\n<ul class=\"wp-block-list\">\n<li><strong>Credibilidade e Confiabilidade<\/strong>: Ter o selo \u00e9 uma comprova\u00e7\u00e3o p\u00fablica de que a ProtePrime \u00e9 comprometida com a sustentabilidade e cumpre rigorosamente a legisla\u00e7\u00e3o ambiental.<\/li>\n\n\n\n<li><strong>Benef\u00edcios Ambientais e Sociais<\/strong>: Al\u00e9m de mitigar o impacto ambiental, o selo promove a inclus\u00e3o social por meio da gera\u00e7\u00e3o de renda nas cooperativas parceiras.<\/li>\n\n\n\n<li><strong>Transpar\u00eancia<\/strong>: A rastreabilidade auditada confere seguran\u00e7a aos parceiros e consumidores, garantindo que todas as etapas do ciclo da embalagem sejam seguidas corretamente.<\/li>\n\n\n\n<li><strong>Responsabilidade Corporativa<\/strong>: Fortalece a imagem como uma empresa socialmente respons\u00e1vel e comprometida com pr\u00e1ticas sustent\u00e1veis.<\/li>\n<\/ul>\n\n\n\n<p><a href=\"https:\/\/www.proteprime.com.br\/blog\/uncategorized\/tres-acoes-sustentaveis-prime-que-voce-tambem-pode-realizar-na-sua-empresa\/\">Confira tr\u00eas a\u00e7\u00f5es sustent\u00e1veis que voc\u00ea pode colocar em pr\u00e1tica na sua empresa!<\/a><\/p>\n\n\n\n<p><strong>ProtePrime: Aderindo \u00e0 Sustentabilidade com o selo Muda Recicla<\/strong><\/p>\n\n\n\n<p>A ProtePrime n\u00e3o s\u00f3 fabrica produtos de alta qualidade para diversos segmentos, como fabricamos embalagens de materiais reciclados e biodegrad\u00e1veis. Conquistando o selo Muda Recicla, reafirmamos nosso compromisso com a sustentabilidade, demonstrando que pr\u00e1ticas respons\u00e1veis e inovadoras s\u00e3o parte de nossa ess\u00eancia.<\/p>\n\n\n\n<p>Nos pr\u00f3ximos anos, a ProtePrime continuar\u00e1 a investir em solu\u00e7\u00f5es sustent\u00e1veis, buscando inovar e liderar o setor de pl\u00e1sticos e embalagens com responsabilidade e respeito ao meio ambiente. Afinal, nossa miss\u00e3o vai al\u00e9m de atender nossos clientes; queremos proteg\u00ea-los e, ainda mais, proteger o nosso planeta.<\/p>\n\n\n\n<p><a href=\"https:\/\/www.proteprime.com.br\/blog\/uncategorized\/como-as-embalagens-flexiveis-podem-melhorar-a-eficiencia-logistica\/\">\ud83d\udca1 Leia tamb\u00e9m: Como as embalagens flex\u00edveis podem melhorar a efici\u00eancia log\u00edstica.<\/a><\/p>\n","protected":false},"excerpt":{"rendered":"<p><span class=\"span-reading-time rt-reading-time\" style=\"display: block;\"><span class=\"rt-label rt-prefix\">Tempo de leitura:<\/span> <span class=\"rt-time\"> 5<\/span> <span class=\"rt-label rt-postfix\">minutos<\/span><\/span>Voc\u00ea j\u00e1 se perguntou como identificar produtos e empresas verdadeiramente comprometidos com a sustentabilidade?&nbsp; O Selo Muda Recicla n\u00e3o \u00e9 apenas uma certifica\u00e7\u00e3o, mas sim um compromisso com a transforma\u00e7\u00e3o positiva do meio ambiente e da sociedade. Ao adotar pr\u00e1ticas de Log\u00edstica Reversa completa, as empresas podem n\u00e3o s\u00f3 contribuir para a preserva\u00e7\u00e3o do planeta, &hellip; <\/p>\n","protected":false},"author":1,"featured_media":365,"comment_status":"open","ping_status":"open","sticky":false,"template":"","format":"standard","meta":{"footnotes":""},"categories":[1520],"tags":[],"class_list":["post-364","post","type-post","status-publish","format-standard","has-post-thumbnail","hentry","category-artigos"],"yoast_head":"<!-- This site is optimized with the Yoast SEO plugin v24.4 - https:\/\/yoast.com\/wordpress\/plugins\/seo\/ -->\n<title>Selo Muda Recicla: O que \u00e9? - Proteprime<\/title>\n<meta name=\"description\" content=\"Descubra o que \u00e9 o Selo e como a sustentabilidade atrav\u00e9s do Selo Muda Recicla, promove a log\u00edstica reversa e reciclagem eficiente.\" \/>\n<meta name=\"robots\" content=\"index, follow, max-snippet:-1, max-image-preview:large, max-video-preview:-1\" \/>\n<link rel=\"canonical\" href=\"https:\/\/www.proteprime.com.br\/blog\/artigos\/selo-muda-recicla\/\" \/>\n<meta property=\"og:locale\" content=\"pt_BR\" \/>\n<meta property=\"og:type\" content=\"article\" \/>\n<meta property=\"og:title\" content=\"Selo Muda Recicla: O que \u00e9? - Proteprime\" \/>\n<meta property=\"og:description\" content=\"Descubra o que \u00e9 o Selo e como a sustentabilidade atrav\u00e9s do Selo Muda Recicla, promove a log\u00edstica reversa e reciclagem eficiente.\" \/>\n<meta property=\"og:url\" content=\"https:\/\/www.proteprime.com.br\/blog\/artigos\/selo-muda-recicla\/\" \/>\n<meta property=\"og:site_name\" content=\"ProtePrime\" \/>\n<meta property=\"article:published_time\" content=\"2024-06-13T14:24:46+00:00\" \/>\n<meta property=\"article:modified_time\" content=\"2025-02-13T17:34:11+00:00\" \/>\n<meta property=\"og:image\" content=\"https:\/\/www.proteprime.com.br\/blog\/wp-content\/uploads\/2024\/06\/1.jpg\" \/>\n\t<meta property=\"og:image:width\" content=\"1080\" \/>\n\t<meta property=\"og:image:height\" content=\"1080\" \/>\n\t<meta property=\"og:image:type\" content=\"image\/jpeg\" \/>\n<meta name=\"author\" content=\"admin\" \/>\n<meta name=\"twitter:card\" content=\"summary_large_image\" \/>\n<meta name=\"twitter:label1\" content=\"Escrito por\" \/>\n\t<meta name=\"twitter:data1\" content=\"admin\" \/>\n\t<meta name=\"twitter:label2\" content=\"Est. tempo de leitura\" \/>\n\t<meta name=\"twitter:data2\" content=\"5 minutos\" \/>\n<script type=\"application\/ld+json\" class=\"yoast-schema-graph\">{\"@context\":\"https:\/\/schema.org\",\"@graph\":[{\"@type\":\"Article\",\"@id\":\"https:\/\/www.proteprime.com.br\/blog\/artigos\/selo-muda-recicla\/#article\",\"isPartOf\":{\"@id\":\"https:\/\/www.proteprime.com.br\/blog\/artigos\/selo-muda-recicla\/\"},\"author\":{\"name\":\"admin\",\"@id\":\"https:\/\/www.proteprime.com.br\/blog\/#\/schema\/person\/f763fb7cdb17c4a543db4047ba253ced\"},\"headline\":\"Sem t\u00edtulo\",\"datePublished\":\"2024-06-13T14:24:46+00:00\",\"dateModified\":\"2025-02-13T17:34:11+00:00\",\"mainEntityOfPage\":{\"@id\":\"https:\/\/www.proteprime.com.br\/blog\/artigos\/selo-muda-recicla\/\"},\"wordCount\":882,\"commentCount\":0,\"publisher\":{\"@id\":\"https:\/\/www.proteprime.com.br\/blog\/#organization\"},\"image\":{\"@id\":\"https:\/\/www.proteprime.com.br\/blog\/artigos\/selo-muda-recicla\/#primaryimage\"},\"thumbnailUrl\":\"https:\/\/www.proteprime.com.br\/blog\/wp-content\/uploads\/2024\/06\/1.jpg\",\"articleSection\":[\"ARTIGOS\"],\"inLanguage\":\"pt-BR\",\"potentialAction\":[{\"@type\":\"CommentAction\",\"name\":\"Comment\",\"target\":[\"https:\/\/www.proteprime.com.br\/blog\/artigos\/selo-muda-recicla\/#respond\"]}]},{\"@type\":\"WebPage\",\"@id\":\"https:\/\/www.proteprime.com.br\/blog\/artigos\/selo-muda-recicla\/\",\"url\":\"https:\/\/www.proteprime.com.br\/blog\/artigos\/selo-muda-recicla\/\",\"name\":\"Selo Muda Recicla: O que \u00e9? - Proteprime\",\"isPartOf\":{\"@id\":\"https:\/\/www.proteprime.com.br\/blog\/#website\"},\"primaryImageOfPage\":{\"@id\":\"https:\/\/www.proteprime.com.br\/blog\/artigos\/selo-muda-recicla\/#primaryimage\"},\"image\":{\"@id\":\"https:\/\/www.proteprime.com.br\/blog\/artigos\/selo-muda-recicla\/#primaryimage\"},\"thumbnailUrl\":\"https:\/\/www.proteprime.com.br\/blog\/wp-content\/uploads\/2024\/06\/1.jpg\",\"datePublished\":\"2024-06-13T14:24:46+00:00\",\"dateModified\":\"2025-02-13T17:34:11+00:00\",\"description\":\"Descubra o que \u00e9 o Selo e como a sustentabilidade atrav\u00e9s do Selo Muda Recicla, promove a log\u00edstica reversa e reciclagem eficiente.\",\"inLanguage\":\"pt-BR\",\"potentialAction\":[{\"@type\":\"ReadAction\",\"target\":[\"https:\/\/www.proteprime.com.br\/blog\/artigos\/selo-muda-recicla\/\"]}]},{\"@type\":\"ImageObject\",\"inLanguage\":\"pt-BR\",\"@id\":\"https:\/\/www.proteprime.com.br\/blog\/artigos\/selo-muda-recicla\/#primaryimage\",\"url\":\"https:\/\/www.proteprime.com.br\/blog\/wp-content\/uploads\/2024\/06\/1.jpg\",\"contentUrl\":\"https:\/\/www.proteprime.com.br\/blog\/wp-content\/uploads\/2024\/06\/1.jpg\",\"width\":1080,\"height\":1080},{\"@type\":\"WebSite\",\"@id\":\"https:\/\/www.proteprime.com.br\/blog\/#website\",\"url\":\"https:\/\/www.proteprime.com.br\/blog\/\",\"name\":\"ProtePrime\",\"description\":\"Blog\",\"publisher\":{\"@id\":\"https:\/\/www.proteprime.com.br\/blog\/#organization\"},\"potentialAction\":[{\"@type\":\"SearchAction\",\"target\":{\"@type\":\"EntryPoint\",\"urlTemplate\":\"https:\/\/www.proteprime.com.br\/blog\/?s={search_term_string}\"},\"query-input\":{\"@type\":\"PropertyValueSpecification\",\"valueRequired\":true,\"valueName\":\"search_term_string\"}}],\"inLanguage\":\"pt-BR\"},{\"@type\":\"Organization\",\"@id\":\"https:\/\/www.proteprime.com.br\/blog\/#organization\",\"name\":\"ProtePrime\",\"url\":\"https:\/\/www.proteprime.com.br\/blog\/\",\"logo\":{\"@type\":\"ImageObject\",\"inLanguage\":\"pt-BR\",\"@id\":\"https:\/\/www.proteprime.com.br\/blog\/#\/schema\/logo\/image\/\",\"url\":\"https:\/\/www.proteprime.com.br\/blog\/wp-content\/uploads\/2023\/08\/logotipo-PPG-3.png\",\"contentUrl\":\"https:\/\/www.proteprime.com.br\/blog\/wp-content\/uploads\/2023\/08\/logotipo-PPG-3.png\",\"width\":200,\"height\":99,\"caption\":\"ProtePrime\"},\"image\":{\"@id\":\"https:\/\/www.proteprime.com.br\/blog\/#\/schema\/logo\/image\/\"}},{\"@type\":\"Person\",\"@id\":\"https:\/\/www.proteprime.com.br\/blog\/#\/schema\/person\/f763fb7cdb17c4a543db4047ba253ced\",\"name\":\"admin\",\"image\":{\"@type\":\"ImageObject\",\"inLanguage\":\"pt-BR\",\"@id\":\"https:\/\/www.proteprime.com.br\/blog\/#\/schema\/person\/image\/\",\"url\":\"https:\/\/secure.gravatar.com\/avatar\/bd8125b24775f217cdea35dcfa839469?s=96&d=mm&r=g\",\"contentUrl\":\"https:\/\/secure.gravatar.com\/avatar\/bd8125b24775f217cdea35dcfa839469?s=96&d=mm&r=g\",\"caption\":\"admin\"},\"sameAs\":[\"https:\/\/proteprime.com.br\/blog\"],\"url\":\"https:\/\/www.proteprime.com.br\/blog\/author\/admin\/\"}]}<\/script>\n<!-- \/ Yoast SEO plugin. -->","yoast_head_json":{"title":"Selo Muda Recicla: O que \u00e9? - Proteprime","description":"Descubra o que \u00e9 o Selo e como a sustentabilidade atrav\u00e9s do Selo Muda Recicla, promove a log\u00edstica reversa e reciclagem eficiente.","robots":{"index":"index","follow":"follow","max-snippet":"max-snippet:-1","max-image-preview":"max-image-preview:large","max-video-preview":"max-video-preview:-1"},"canonical":"https:\/\/www.proteprime.com.br\/blog\/artigos\/selo-muda-recicla\/","og_locale":"pt_BR","og_type":"article","og_title":"Selo Muda Recicla: O que \u00e9? - Proteprime","og_description":"Descubra o que \u00e9 o Selo e como a sustentabilidade atrav\u00e9s do Selo Muda Recicla, promove a log\u00edstica reversa e reciclagem eficiente.","og_url":"https:\/\/www.proteprime.com.br\/blog\/artigos\/selo-muda-recicla\/","og_site_name":"ProtePrime","article_published_time":"2024-06-13T14:24:46+00:00","article_modified_time":"2025-02-13T17:34:11+00:00","og_image":[{"width":1080,"height":1080,"url":"https:\/\/www.proteprime.com.br\/blog\/wp-content\/uploads\/2024\/06\/1.jpg","type":"image\/jpeg"}],"author":"admin","twitter_card":"summary_large_image","twitter_misc":{"Escrito por":"admin","Est. tempo de leitura":"5 minutos"},"schema":{"@context":"https:\/\/schema.org","@graph":[{"@type":"Article","@id":"https:\/\/www.proteprime.com.br\/blog\/artigos\/selo-muda-recicla\/#article","isPartOf":{"@id":"https:\/\/www.proteprime.com.br\/blog\/artigos\/selo-muda-recicla\/"},"author":{"name":"admin","@id":"https:\/\/www.proteprime.com.br\/blog\/#\/schema\/person\/f763fb7cdb17c4a543db4047ba253ced"},"headline":"Sem t\u00edtulo","datePublished":"2024-06-13T14:24:46+00:00","dateModified":"2025-02-13T17:34:11+00:00","mainEntityOfPage":{"@id":"https:\/\/www.proteprime.com.br\/blog\/artigos\/selo-muda-recicla\/"},"wordCount":882,"commentCount":0,"publisher":{"@id":"https:\/\/www.proteprime.com.br\/blog\/#organization"},"image":{"@id":"https:\/\/www.proteprime.com.br\/blog\/artigos\/selo-muda-recicla\/#primaryimage"},"thumbnailUrl":"https:\/\/www.proteprime.com.br\/blog\/wp-content\/uploads\/2024\/06\/1.jpg","articleSection":["ARTIGOS"],"inLanguage":"pt-BR","potentialAction":[{"@type":"CommentAction","name":"Comment","target":["https:\/\/www.proteprime.com.br\/blog\/artigos\/selo-muda-recicla\/#respond"]}]},{"@type":"WebPage","@id":"https:\/\/www.proteprime.com.br\/blog\/artigos\/selo-muda-recicla\/","url":"https:\/\/www.proteprime.com.br\/blog\/artigos\/selo-muda-recicla\/","name":"Selo Muda Recicla: O que \u00e9? - Proteprime","isPartOf":{"@id":"https:\/\/www.proteprime.com.br\/blog\/#website"},"primaryImageOfPage":{"@id":"https:\/\/www.proteprime.com.br\/blog\/artigos\/selo-muda-recicla\/#primaryimage"},"image":{"@id":"https:\/\/www.proteprime.com.br\/blog\/artigos\/selo-muda-recicla\/#primaryimage"},"thumbnailUrl":"https:\/\/www.proteprime.com.br\/blog\/wp-content\/uploads\/2024\/06\/1.jpg","datePublished":"2024-06-13T14:24:46+00:00","dateModified":"2025-02-13T17:34:11+00:00","description":"Descubra o que \u00e9 o Selo e como a sustentabilidade atrav\u00e9s do Selo Muda Recicla, promove a log\u00edstica reversa e reciclagem eficiente.","inLanguage":"pt-BR","potentialAction":[{"@type":"ReadAction","target":["https:\/\/www.proteprime.com.br\/blog\/artigos\/selo-muda-recicla\/"]}]},{"@type":"ImageObject","inLanguage":"pt-BR","@id":"https:\/\/www.proteprime.com.br\/blog\/artigos\/selo-muda-recicla\/#primaryimage","url":"https:\/\/www.proteprime.com.br\/blog\/wp-content\/uploads\/2024\/06\/1.jpg","contentUrl":"https:\/\/www.proteprime.com.br\/blog\/wp-content\/uploads\/2024\/06\/1.jpg","width":1080,"height":1080},{"@type":"WebSite","@id":"https:\/\/www.proteprime.com.br\/blog\/#website","url":"https:\/\/www.proteprime.com.br\/blog\/","name":"ProtePrime","description":"Blog","publisher":{"@id":"https:\/\/www.proteprime.com.br\/blog\/#organization"},"potentialAction":[{"@type":"SearchAction","target":{"@type":"EntryPoint","urlTemplate":"https:\/\/www.proteprime.com.br\/blog\/?s={search_term_string}"},"query-input":{"@type":"PropertyValueSpecification","valueRequired":true,"valueName":"search_term_string"}}],"inLanguage":"pt-BR"},{"@type":"Organization","@id":"https:\/\/www.proteprime.com.br\/blog\/#organization","name":"ProtePrime","url":"https:\/\/www.proteprime.com.br\/blog\/","logo":{"@type":"ImageObject","inLanguage":"pt-BR","@id":"https:\/\/www.proteprime.com.br\/blog\/#\/schema\/logo\/image\/","url":"https:\/\/www.proteprime.com.br\/blog\/wp-content\/uploads\/2023\/08\/logotipo-PPG-3.png","contentUrl":"https:\/\/www.proteprime.com.br\/blog\/wp-content\/uploads\/2023\/08\/logotipo-PPG-3.png","width":200,"height":99,"caption":"ProtePrime"},"image":{"@id":"https:\/\/www.proteprime.com.br\/blog\/#\/schema\/logo\/image\/"}},{"@type":"Person","@id":"https:\/\/www.proteprime.com.br\/blog\/#\/schema\/person\/f763fb7cdb17c4a543db4047ba253ced","name":"admin","image":{"@type":"ImageObject","inLanguage":"pt-BR","@id":"https:\/\/www.proteprime.com.br\/blog\/#\/schema\/person\/image\/","url":"https:\/\/secure.gravatar.com\/avatar\/bd8125b24775f217cdea35dcfa839469?s=96&d=mm&r=g","contentUrl":"https:\/\/secure.gravatar.com\/avatar\/bd8125b24775f217cdea35dcfa839469?s=96&d=mm&r=g","caption":"admin"},"sameAs":["https:\/\/proteprime.com.br\/blog"],"url":"https:\/\/www.proteprime.com.br\/blog\/author\/admin\/"}]}},"_links":{"self":[{"href":"https:\/\/www.proteprime.com.br\/blog\/wp-json\/wp\/v2\/posts\/364","targetHints":{"allow":["GET"]}}],"collection":[{"href":"https:\/\/www.proteprime.com.br\/blog\/wp-json\/wp\/v2\/posts"}],"about":[{"href":"https:\/\/www.proteprime.com.br\/blog\/wp-json\/wp\/v2\/types\/post"}],"author":[{"embeddable":true,"href":"https:\/\/www.proteprime.com.br\/blog\/wp-json\/wp\/v2\/users\/1"}],"replies":[{"embeddable":true,"href":"https:\/\/www.proteprime.com.br\/blog\/wp-json\/wp\/v2\/comments?post=364"}],"version-history":[{"count":2,"href":"https:\/\/www.proteprime.com.br\/blog\/wp-json\/wp\/v2\/posts\/364\/revisions"}],"predecessor-version":[{"id":431,"href":"https:\/\/www.proteprime.com.br\/blog\/wp-json\/wp\/v2\/posts\/364\/revisions\/431"}],"wp:featuredmedia":[{"embeddable":true,"href":"https:\/\/www.proteprime.com.br\/blog\/wp-json\/wp\/v2\/media\/365"}],"wp:attachment":[{"href":"https:\/\/www.proteprime.com.br\/blog\/wp-json\/wp\/v2\/media?parent=364"}],"wp:term":[{"taxonomy":"category","embeddable":true,"href":"https:\/\/www.proteprime.com.br\/blog\/wp-json\/wp\/v2\/categories?post=364"},{"taxonomy":"post_tag","embeddable":true,"href":"https:\/\/www.proteprime.com.br\/blog\/wp-json\/wp\/v2\/tags?post=364"}],"curies":[{"name":"wp","href":"https:\/\/api.w.org\/{rel}","templated":true}]}}