{"id":367,"date":"2024-06-20T18:26:39","date_gmt":"2024-06-20T18:26:39","guid":{"rendered":"https:\/\/www.proteprime.com.br\/blog\/?p=367"},"modified":"2025-02-13T17:33:59","modified_gmt":"2025-02-13T17:33:59","slug":"embalagens-personalizadas","status":"publish","type":"post","link":"https:\/\/www.proteprime.com.br\/blog\/artigos\/embalagens-personalizadas\/","title":{"rendered":""},"content":{"rendered":"<span class=\"span-reading-time rt-reading-time\" style=\"display: block;\"><span class=\"rt-label rt-prefix\">Tempo de leitura:<\/span> <span class=\"rt-time\"> 4<\/span> <span class=\"rt-label rt-postfix\">minutos<\/span><\/span>\n<p>Existem marcas que t\u00eam grande destaque no mercado, conhecidas por todo mundo. Muitas inclusive, acabam se &#8220;tornando&#8221;, popularmente, o nome do produto. N\u00e3o raro, vemos as pessoas chamarem a palha de a\u00e7o de Bombril, a l\u00e2mina de barbear de Gillette, o leite condensado de Leite Mo\u00e7a&#8230;<\/p>\n\n\n\n<p>Isso acontece pela for\u00e7a que essas marcas t\u00eam. No mundo do marketing, chamamos isso de <em>branding<\/em>. Um dos principais fatores para essa for\u00e7a de marca \u00e9 a embalagem.&nbsp;<\/p>\n\n\n\n<p>Todas essas marcas t\u00eam uma embalagem personalizada bem constru\u00edda, comunicativa e de destaque, isso n\u00e3o \u00e9 por acaso. Mais de 70% dos consumidores afirmam que o design influencia suas decis\u00f5es de compra.<\/p>\n\n\n\n<p>Neste artigo vamos mostrar como as embalagens personalizadas n\u00e3o s\u00e3o apenas um inv\u00f3lucro para o seu produto, mas uma poderosa ferramenta de branding.<\/p>\n\n\n\n<p><a href=\"https:\/\/www.proteprime.com.br\/blog\/sacos-para-tapete-higienico\/fabricante-de-embalagens-personalizadas\/\">Nesse artigo mostramos algumas possibilidades de embalagens personalizadas!<\/a><\/p>\n\n\n\n<p><strong>Reconhecimento de Marca<\/strong><\/p>\n\n\n\n<p>O primeiro fator que mostra a import\u00e2ncia das embalagens personalizadas, \u00e9 tamb\u00e9m o mais \u00f3bvio. Como o seu p\u00fablico saber\u00e1 que um produto \u00e9 da sua marca, se n\u00e3o estiver sinalizado em algum lugar?&nbsp;<\/p>\n\n\n\n<p>As embalagens personalizadas mostram quem \u00e9 a sua marca, e \u00e9 a primeira impress\u00e3o que o consumidor tem sobre o seu produto, portanto, devem transmitir a ess\u00eancia e os valores de forma clara e atraente. Com o nome exposto, o consumidor come\u00e7a a ter conhecimento e familiaridade com sua marca, sendo o primeiro passo para a convers\u00e3o de um cliente.&nbsp;<\/p>\n\n\n\n<p><strong>Comunica\u00e7\u00e3o da Ess\u00eancia da Marca<\/strong><\/p>\n\n\n\n<p>O design da embalagem \u00e9 uma poderosa ferramenta de comunica\u00e7\u00e3o que pode transmitir a personalidade, os valores e o posicionamento da marca. Por exemplo, uma embalagem minimalista e sofisticada pode comunicar exclusividade, enquanto uma embalagem divertida e colorida pode transmitir alegria e descontra\u00e7\u00e3o. Cada cor, texto ou material escolhido transmite uma mensagem espec\u00edfica.&nbsp;<\/p>\n\n\n\n<p>Independente de como voc\u00ea quer posicionar a sua marca, seja luxuosa, acess\u00edvel, sustent\u00e1vel ou inovadora, a embalagem \u00e9 sua chance de comunicar isso claramente.&nbsp;<\/p>\n\n\n\n<p>Ao comunicar a ess\u00eancia da marca corretamente, a embalagem cria uma conex\u00e3o emocional com o consumidor que tem os mesmos valores de sua marca.<\/p>\n\n\n\n<p><strong>Diferencia\u00e7\u00e3o da Concorr\u00eancia<\/strong><\/p>\n\n\n\n<p>Em um mercado competitivo, as embalagens personalizadas podem ser um diferencial significativo. Uma embalagem personalizada com o logotipo, cores e elementos gr\u00e1ficos da marca, cria uma identidade visual \u00fanica e facilmente reconhec\u00edvel, fazendo com que o seu produto se destaque nas prateleiras, chamando a aten\u00e7\u00e3o do consumidor e aumentando as chances de ser escolhido em rela\u00e7\u00e3o aos concorrentes. Para quem j\u00e1 \u00e9 seu cliente, isso facilita na hora de identificar o seu produto em meio a tantas op\u00e7\u00f5es dispon\u00edveis nas prateleiras.<\/p>\n\n\n\n<p><a href=\"https:\/\/www.proteprime.com.br\/blog\/artigos\/flexografia-beneficios\/\">Voc\u00ea sabe o que \u00e9 flexografia?<\/a><\/p>\n\n\n\n<p><strong>Experi\u00eancia do Cliente&nbsp;<\/strong><\/p>\n\n\n\n<p>O que torna o consumidor um cliente fiel \u00e9 a experi\u00eancia que ele tem com o seu produto. A sua embalagem \u00e9 o primeiro contato visual do cliente com o produto, respons\u00e1vel por uma impress\u00e3o inicial importante. Uma embalagem atraente, bem projetada e alinhada com a identidade da marca gera uma sensa\u00e7\u00e3o positiva e aumenta o desejo de compra. Apresentar uma est\u00e9tica agrad\u00e1vel \u00e9 uma das formas de aprimorar a experi\u00eancia do cliente.<\/p>\n\n\n\n<p><strong>Sustentabilidade<\/strong><\/p>\n\n\n\n<p>Sustentabilidade n\u00e3o \u00e9 mais uma op\u00e7\u00e3o, mas uma necessidade. Consumidores hoje n\u00e3o apenas compram um produto, mas a hist\u00f3ria e os valores por tr\u00e1s dele. Mostrar que sua marca se preocupa com o meio ambiente atrav\u00e9s de embalagens eco-friendly \u00e9 um passo gigante para conquistar confian\u00e7a e admira\u00e7\u00e3o.<\/p>\n\n\n\n<p>Mas como isso afeta o branding?<\/p>\n\n\n\n<p>Uma embalagem sustent\u00e1vel fala diretamente ao cora\u00e7\u00e3o dos consumidores conscientes. Eles veem essas a\u00e7\u00f5es e se identificam com os valores da marca, criando uma conex\u00e3o emocional forte. Isso n\u00e3o s\u00f3 atrai novos clientes mas tamb\u00e9m fideliza os atuais.&nbsp;<\/p>\n\n\n\n<p><a href=\"https:\/\/www.proteprime.com.br\/blog\/uncategorized\/tres-acoes-sustentaveis-prime-que-voce-tambem-pode-realizar-na-sua-empresa\/\">Veja tr\u00eas a\u00e7\u00f5es sustent\u00e1veis Prime, que sua empresa pode implementar!<\/a><\/p>\n\n\n\n<p>Mais do que meros inv\u00f3lucros, as embalagens personalizadas atuam como embaixadoras da sua marca, oferecendo uma experi\u00eancia tang\u00edvel e memor\u00e1vel ao consumidor. Atrav\u00e9s delas, \u00e9 poss\u00edvel n\u00e3o s\u00f3 consolidar a identidade visual da sua empresa, mas tamb\u00e9m comunicar valores fundamentais como compromisso com a sustentabilidade.<\/p>\n\n\n\n<p>N\u00f3s da <a href=\"https:\/\/www.instagram.com\/proteprimeoficial\/\">ProtePrime<\/a>, acreditamos no poder de uma marca forte, e por isso oferecemos uma linha completa de embalagens pl\u00e1sticas personaliz\u00e1veis. Explore nossas solu\u00e7\u00f5es personalizadas em design de embalagens e comece hoje mesmo a transforma\u00e7\u00e3o. Seja para fortalecer sua identidade de marca ou para criar uma conex\u00e3o emocional duradoura com seus clientes, estamos aqui para ajud\u00e1-lo(a) nessa jornada.<\/p>\n","protected":false},"excerpt":{"rendered":"<p><span class=\"span-reading-time rt-reading-time\" style=\"display: block;\"><span class=\"rt-label rt-prefix\">Tempo de leitura:<\/span> <span class=\"rt-time\"> 4<\/span> <span class=\"rt-label rt-postfix\">minutos<\/span><\/span>Existem marcas que t\u00eam grande destaque no mercado, conhecidas por todo mundo. Muitas inclusive, acabam se &#8220;tornando&#8221;, popularmente, o nome do produto. N\u00e3o raro, vemos as pessoas chamarem a palha de a\u00e7o de Bombril, a l\u00e2mina de barbear de Gillette, o leite condensado de Leite Mo\u00e7a&#8230; Isso acontece pela for\u00e7a que essas marcas t\u00eam. No &hellip; <\/p>\n","protected":false},"author":1,"featured_media":368,"comment_status":"open","ping_status":"open","sticky":false,"template":"","format":"standard","meta":{"footnotes":""},"categories":[1520],"tags":[],"class_list":["post-367","post","type-post","status-publish","format-standard","has-post-thumbnail","hentry","category-artigos"],"yoast_head":"<!-- This site is optimized with the Yoast SEO plugin v24.4 - https:\/\/yoast.com\/wordpress\/plugins\/seo\/ -->\n<title>Embalagens Personalizadas Fortalecem a Sua Marca<\/title>\n<meta name=\"description\" content=\"Fortale\u00e7a sua marca com embalagens personalizadas. Saiba como o design e a sustentabilidade podem destacar seu produto.\" \/>\n<meta name=\"robots\" content=\"index, follow, max-snippet:-1, max-image-preview:large, max-video-preview:-1\" \/>\n<link rel=\"canonical\" href=\"https:\/\/www.proteprime.com.br\/blog\/artigos\/embalagens-personalizadas\/\" \/>\n<meta property=\"og:locale\" content=\"pt_BR\" \/>\n<meta property=\"og:type\" content=\"article\" \/>\n<meta property=\"og:title\" content=\"Embalagens Personalizadas Fortalecem a Sua Marca\" \/>\n<meta property=\"og:description\" content=\"Fortale\u00e7a sua marca com embalagens personalizadas. Saiba como o design e a sustentabilidade podem destacar seu produto.\" \/>\n<meta property=\"og:url\" content=\"https:\/\/www.proteprime.com.br\/blog\/artigos\/embalagens-personalizadas\/\" \/>\n<meta property=\"og:site_name\" content=\"ProtePrime\" \/>\n<meta property=\"article:published_time\" content=\"2024-06-20T18:26:39+00:00\" \/>\n<meta property=\"article:modified_time\" content=\"2025-02-13T17:33:59+00:00\" \/>\n<meta property=\"og:image\" content=\"https:\/\/www.proteprime.com.br\/blog\/wp-content\/uploads\/2024\/06\/Prancheta_1.jpg\" \/>\n\t<meta property=\"og:image:width\" content=\"1080\" \/>\n\t<meta property=\"og:image:height\" content=\"1080\" \/>\n\t<meta property=\"og:image:type\" content=\"image\/jpeg\" \/>\n<meta name=\"author\" content=\"admin\" \/>\n<meta name=\"twitter:card\" content=\"summary_large_image\" \/>\n<meta name=\"twitter:label1\" content=\"Escrito por\" \/>\n\t<meta name=\"twitter:data1\" content=\"admin\" \/>\n\t<meta name=\"twitter:label2\" content=\"Est. tempo de leitura\" \/>\n\t<meta name=\"twitter:data2\" content=\"4 minutos\" \/>\n<script type=\"application\/ld+json\" class=\"yoast-schema-graph\">{\"@context\":\"https:\/\/schema.org\",\"@graph\":[{\"@type\":\"Article\",\"@id\":\"https:\/\/www.proteprime.com.br\/blog\/artigos\/embalagens-personalizadas\/#article\",\"isPartOf\":{\"@id\":\"https:\/\/www.proteprime.com.br\/blog\/artigos\/embalagens-personalizadas\/\"},\"author\":{\"name\":\"admin\",\"@id\":\"https:\/\/www.proteprime.com.br\/blog\/#\/schema\/person\/f763fb7cdb17c4a543db4047ba253ced\"},\"headline\":\"Sem t\u00edtulo\",\"datePublished\":\"2024-06-20T18:26:39+00:00\",\"dateModified\":\"2025-02-13T17:33:59+00:00\",\"mainEntityOfPage\":{\"@id\":\"https:\/\/www.proteprime.com.br\/blog\/artigos\/embalagens-personalizadas\/\"},\"wordCount\":783,\"commentCount\":0,\"publisher\":{\"@id\":\"https:\/\/www.proteprime.com.br\/blog\/#organization\"},\"image\":{\"@id\":\"https:\/\/www.proteprime.com.br\/blog\/artigos\/embalagens-personalizadas\/#primaryimage\"},\"thumbnailUrl\":\"https:\/\/www.proteprime.com.br\/blog\/wp-content\/uploads\/2024\/06\/Prancheta_1.jpg\",\"articleSection\":[\"ARTIGOS\"],\"inLanguage\":\"pt-BR\",\"potentialAction\":[{\"@type\":\"CommentAction\",\"name\":\"Comment\",\"target\":[\"https:\/\/www.proteprime.com.br\/blog\/artigos\/embalagens-personalizadas\/#respond\"]}]},{\"@type\":\"WebPage\",\"@id\":\"https:\/\/www.proteprime.com.br\/blog\/artigos\/embalagens-personalizadas\/\",\"url\":\"https:\/\/www.proteprime.com.br\/blog\/artigos\/embalagens-personalizadas\/\",\"name\":\"Embalagens Personalizadas Fortalecem a Sua Marca\",\"isPartOf\":{\"@id\":\"https:\/\/www.proteprime.com.br\/blog\/#website\"},\"primaryImageOfPage\":{\"@id\":\"https:\/\/www.proteprime.com.br\/blog\/artigos\/embalagens-personalizadas\/#primaryimage\"},\"image\":{\"@id\":\"https:\/\/www.proteprime.com.br\/blog\/artigos\/embalagens-personalizadas\/#primaryimage\"},\"thumbnailUrl\":\"https:\/\/www.proteprime.com.br\/blog\/wp-content\/uploads\/2024\/06\/Prancheta_1.jpg\",\"datePublished\":\"2024-06-20T18:26:39+00:00\",\"dateModified\":\"2025-02-13T17:33:59+00:00\",\"description\":\"Fortale\u00e7a sua marca com embalagens personalizadas. Saiba como o design e a sustentabilidade podem destacar seu produto.\",\"inLanguage\":\"pt-BR\",\"potentialAction\":[{\"@type\":\"ReadAction\",\"target\":[\"https:\/\/www.proteprime.com.br\/blog\/artigos\/embalagens-personalizadas\/\"]}]},{\"@type\":\"ImageObject\",\"inLanguage\":\"pt-BR\",\"@id\":\"https:\/\/www.proteprime.com.br\/blog\/artigos\/embalagens-personalizadas\/#primaryimage\",\"url\":\"https:\/\/www.proteprime.com.br\/blog\/wp-content\/uploads\/2024\/06\/Prancheta_1.jpg\",\"contentUrl\":\"https:\/\/www.proteprime.com.br\/blog\/wp-content\/uploads\/2024\/06\/Prancheta_1.jpg\",\"width\":1080,\"height\":1080},{\"@type\":\"WebSite\",\"@id\":\"https:\/\/www.proteprime.com.br\/blog\/#website\",\"url\":\"https:\/\/www.proteprime.com.br\/blog\/\",\"name\":\"ProtePrime\",\"description\":\"Blog\",\"publisher\":{\"@id\":\"https:\/\/www.proteprime.com.br\/blog\/#organization\"},\"potentialAction\":[{\"@type\":\"SearchAction\",\"target\":{\"@type\":\"EntryPoint\",\"urlTemplate\":\"https:\/\/www.proteprime.com.br\/blog\/?s={search_term_string}\"},\"query-input\":{\"@type\":\"PropertyValueSpecification\",\"valueRequired\":true,\"valueName\":\"search_term_string\"}}],\"inLanguage\":\"pt-BR\"},{\"@type\":\"Organization\",\"@id\":\"https:\/\/www.proteprime.com.br\/blog\/#organization\",\"name\":\"ProtePrime\",\"url\":\"https:\/\/www.proteprime.com.br\/blog\/\",\"logo\":{\"@type\":\"ImageObject\",\"inLanguage\":\"pt-BR\",\"@id\":\"https:\/\/www.proteprime.com.br\/blog\/#\/schema\/logo\/image\/\",\"url\":\"https:\/\/www.proteprime.com.br\/blog\/wp-content\/uploads\/2023\/08\/logotipo-PPG-3.png\",\"contentUrl\":\"https:\/\/www.proteprime.com.br\/blog\/wp-content\/uploads\/2023\/08\/logotipo-PPG-3.png\",\"width\":200,\"height\":99,\"caption\":\"ProtePrime\"},\"image\":{\"@id\":\"https:\/\/www.proteprime.com.br\/blog\/#\/schema\/logo\/image\/\"}},{\"@type\":\"Person\",\"@id\":\"https:\/\/www.proteprime.com.br\/blog\/#\/schema\/person\/f763fb7cdb17c4a543db4047ba253ced\",\"name\":\"admin\",\"image\":{\"@type\":\"ImageObject\",\"inLanguage\":\"pt-BR\",\"@id\":\"https:\/\/www.proteprime.com.br\/blog\/#\/schema\/person\/image\/\",\"url\":\"https:\/\/secure.gravatar.com\/avatar\/bd8125b24775f217cdea35dcfa839469?s=96&d=mm&r=g\",\"contentUrl\":\"https:\/\/secure.gravatar.com\/avatar\/bd8125b24775f217cdea35dcfa839469?s=96&d=mm&r=g\",\"caption\":\"admin\"},\"sameAs\":[\"https:\/\/proteprime.com.br\/blog\"],\"url\":\"https:\/\/www.proteprime.com.br\/blog\/author\/admin\/\"}]}<\/script>\n<!-- \/ Yoast SEO plugin. -->","yoast_head_json":{"title":"Embalagens Personalizadas Fortalecem a Sua Marca","description":"Fortale\u00e7a sua marca com embalagens personalizadas. Saiba como o design e a sustentabilidade podem destacar seu produto.","robots":{"index":"index","follow":"follow","max-snippet":"max-snippet:-1","max-image-preview":"max-image-preview:large","max-video-preview":"max-video-preview:-1"},"canonical":"https:\/\/www.proteprime.com.br\/blog\/artigos\/embalagens-personalizadas\/","og_locale":"pt_BR","og_type":"article","og_title":"Embalagens Personalizadas Fortalecem a Sua Marca","og_description":"Fortale\u00e7a sua marca com embalagens personalizadas. Saiba como o design e a sustentabilidade podem destacar seu produto.","og_url":"https:\/\/www.proteprime.com.br\/blog\/artigos\/embalagens-personalizadas\/","og_site_name":"ProtePrime","article_published_time":"2024-06-20T18:26:39+00:00","article_modified_time":"2025-02-13T17:33:59+00:00","og_image":[{"width":1080,"height":1080,"url":"https:\/\/www.proteprime.com.br\/blog\/wp-content\/uploads\/2024\/06\/Prancheta_1.jpg","type":"image\/jpeg"}],"author":"admin","twitter_card":"summary_large_image","twitter_misc":{"Escrito por":"admin","Est. tempo de leitura":"4 minutos"},"schema":{"@context":"https:\/\/schema.org","@graph":[{"@type":"Article","@id":"https:\/\/www.proteprime.com.br\/blog\/artigos\/embalagens-personalizadas\/#article","isPartOf":{"@id":"https:\/\/www.proteprime.com.br\/blog\/artigos\/embalagens-personalizadas\/"},"author":{"name":"admin","@id":"https:\/\/www.proteprime.com.br\/blog\/#\/schema\/person\/f763fb7cdb17c4a543db4047ba253ced"},"headline":"Sem t\u00edtulo","datePublished":"2024-06-20T18:26:39+00:00","dateModified":"2025-02-13T17:33:59+00:00","mainEntityOfPage":{"@id":"https:\/\/www.proteprime.com.br\/blog\/artigos\/embalagens-personalizadas\/"},"wordCount":783,"commentCount":0,"publisher":{"@id":"https:\/\/www.proteprime.com.br\/blog\/#organization"},"image":{"@id":"https:\/\/www.proteprime.com.br\/blog\/artigos\/embalagens-personalizadas\/#primaryimage"},"thumbnailUrl":"https:\/\/www.proteprime.com.br\/blog\/wp-content\/uploads\/2024\/06\/Prancheta_1.jpg","articleSection":["ARTIGOS"],"inLanguage":"pt-BR","potentialAction":[{"@type":"CommentAction","name":"Comment","target":["https:\/\/www.proteprime.com.br\/blog\/artigos\/embalagens-personalizadas\/#respond"]}]},{"@type":"WebPage","@id":"https:\/\/www.proteprime.com.br\/blog\/artigos\/embalagens-personalizadas\/","url":"https:\/\/www.proteprime.com.br\/blog\/artigos\/embalagens-personalizadas\/","name":"Embalagens Personalizadas Fortalecem a Sua Marca","isPartOf":{"@id":"https:\/\/www.proteprime.com.br\/blog\/#website"},"primaryImageOfPage":{"@id":"https:\/\/www.proteprime.com.br\/blog\/artigos\/embalagens-personalizadas\/#primaryimage"},"image":{"@id":"https:\/\/www.proteprime.com.br\/blog\/artigos\/embalagens-personalizadas\/#primaryimage"},"thumbnailUrl":"https:\/\/www.proteprime.com.br\/blog\/wp-content\/uploads\/2024\/06\/Prancheta_1.jpg","datePublished":"2024-06-20T18:26:39+00:00","dateModified":"2025-02-13T17:33:59+00:00","description":"Fortale\u00e7a sua marca com embalagens personalizadas. Saiba como o design e a sustentabilidade podem destacar seu produto.","inLanguage":"pt-BR","potentialAction":[{"@type":"ReadAction","target":["https:\/\/www.proteprime.com.br\/blog\/artigos\/embalagens-personalizadas\/"]}]},{"@type":"ImageObject","inLanguage":"pt-BR","@id":"https:\/\/www.proteprime.com.br\/blog\/artigos\/embalagens-personalizadas\/#primaryimage","url":"https:\/\/www.proteprime.com.br\/blog\/wp-content\/uploads\/2024\/06\/Prancheta_1.jpg","contentUrl":"https:\/\/www.proteprime.com.br\/blog\/wp-content\/uploads\/2024\/06\/Prancheta_1.jpg","width":1080,"height":1080},{"@type":"WebSite","@id":"https:\/\/www.proteprime.com.br\/blog\/#website","url":"https:\/\/www.proteprime.com.br\/blog\/","name":"ProtePrime","description":"Blog","publisher":{"@id":"https:\/\/www.proteprime.com.br\/blog\/#organization"},"potentialAction":[{"@type":"SearchAction","target":{"@type":"EntryPoint","urlTemplate":"https:\/\/www.proteprime.com.br\/blog\/?s={search_term_string}"},"query-input":{"@type":"PropertyValueSpecification","valueRequired":true,"valueName":"search_term_string"}}],"inLanguage":"pt-BR"},{"@type":"Organization","@id":"https:\/\/www.proteprime.com.br\/blog\/#organization","name":"ProtePrime","url":"https:\/\/www.proteprime.com.br\/blog\/","logo":{"@type":"ImageObject","inLanguage":"pt-BR","@id":"https:\/\/www.proteprime.com.br\/blog\/#\/schema\/logo\/image\/","url":"https:\/\/www.proteprime.com.br\/blog\/wp-content\/uploads\/2023\/08\/logotipo-PPG-3.png","contentUrl":"https:\/\/www.proteprime.com.br\/blog\/wp-content\/uploads\/2023\/08\/logotipo-PPG-3.png","width":200,"height":99,"caption":"ProtePrime"},"image":{"@id":"https:\/\/www.proteprime.com.br\/blog\/#\/schema\/logo\/image\/"}},{"@type":"Person","@id":"https:\/\/www.proteprime.com.br\/blog\/#\/schema\/person\/f763fb7cdb17c4a543db4047ba253ced","name":"admin","image":{"@type":"ImageObject","inLanguage":"pt-BR","@id":"https:\/\/www.proteprime.com.br\/blog\/#\/schema\/person\/image\/","url":"https:\/\/secure.gravatar.com\/avatar\/bd8125b24775f217cdea35dcfa839469?s=96&d=mm&r=g","contentUrl":"https:\/\/secure.gravatar.com\/avatar\/bd8125b24775f217cdea35dcfa839469?s=96&d=mm&r=g","caption":"admin"},"sameAs":["https:\/\/proteprime.com.br\/blog"],"url":"https:\/\/www.proteprime.com.br\/blog\/author\/admin\/"}]}},"_links":{"self":[{"href":"https:\/\/www.proteprime.com.br\/blog\/wp-json\/wp\/v2\/posts\/367","targetHints":{"allow":["GET"]}}],"collection":[{"href":"https:\/\/www.proteprime.com.br\/blog\/wp-json\/wp\/v2\/posts"}],"about":[{"href":"https:\/\/www.proteprime.com.br\/blog\/wp-json\/wp\/v2\/types\/post"}],"author":[{"embeddable":true,"href":"https:\/\/www.proteprime.com.br\/blog\/wp-json\/wp\/v2\/users\/1"}],"replies":[{"embeddable":true,"href":"https:\/\/www.proteprime.com.br\/blog\/wp-json\/wp\/v2\/comments?post=367"}],"version-history":[{"count":2,"href":"https:\/\/www.proteprime.com.br\/blog\/wp-json\/wp\/v2\/posts\/367\/revisions"}],"predecessor-version":[{"id":430,"href":"https:\/\/www.proteprime.com.br\/blog\/wp-json\/wp\/v2\/posts\/367\/revisions\/430"}],"wp:featuredmedia":[{"embeddable":true,"href":"https:\/\/www.proteprime.com.br\/blog\/wp-json\/wp\/v2\/media\/368"}],"wp:attachment":[{"href":"https:\/\/www.proteprime.com.br\/blog\/wp-json\/wp\/v2\/media?parent=367"}],"wp:term":[{"taxonomy":"category","embeddable":true,"href":"https:\/\/www.proteprime.com.br\/blog\/wp-json\/wp\/v2\/categories?post=367"},{"taxonomy":"post_tag","embeddable":true,"href":"https:\/\/www.proteprime.com.br\/blog\/wp-json\/wp\/v2\/tags?post=367"}],"curies":[{"name":"wp","href":"https:\/\/api.w.org\/{rel}","templated":true}]}}