{"id":402,"date":"2024-07-31T02:58:38","date_gmt":"2024-07-31T02:58:38","guid":{"rendered":"https:\/\/www.proteprime.com.br\/blog\/?p=402"},"modified":"2025-02-13T17:33:44","modified_gmt":"2025-02-13T17:33:44","slug":"checklist-para-adotar-praticas-de-economia-circular-em-embalagens","status":"publish","type":"post","link":"https:\/\/www.proteprime.com.br\/blog\/embalagens-reciclaveis\/checklist-para-adotar-praticas-de-economia-circular-em-embalagens\/","title":{"rendered":""},"content":{"rendered":"<span class=\"span-reading-time rt-reading-time\" style=\"display: block;\"><span class=\"rt-label rt-prefix\">Tempo de leitura:<\/span> <span class=\"rt-time\"> 4<\/span> <span class=\"rt-label rt-postfix\">minutos<\/span><\/span>\n<p>A transi\u00e7\u00e3o para um modelo de economia circular \u00e9 uma estrat\u00e9gia que pode trazer benef\u00edcios significativos \u00e0s empresas, especialmente no setor de embalagens. No entanto, adotar essas pr\u00e1ticas de maneira eficaz requer um planejamento cuidadoso e uma compreens\u00e3o clara dos processos envolvidos. Neste artigo, vamos explorar um checklist essencial para ajudar sua empresa a implementar pr\u00e1ticas de economia circular em embalagens.<\/p>\n\n\n\n<div id=\"ez-toc-container\" class=\"ez-toc-v2_0_72 counter-hierarchy ez-toc-counter ez-toc-white ez-toc-container-direction\">\n<div class=\"ez-toc-title-container\">\n<p class=\"ez-toc-title\" style=\"cursor:inherit\">LISTA DE T\u00d3PICOS<\/p>\n<span class=\"ez-toc-title-toggle\"><a href=\"#\" class=\"ez-toc-pull-right ez-toc-btn ez-toc-btn-xs ez-toc-btn-default ez-toc-toggle\" aria-label=\"Toggle Table of Content\"><span class=\"ez-toc-js-icon-con\"><span class=\"\"><span class=\"eztoc-hide\" style=\"display:none;\">Toggle<\/span><span class=\"ez-toc-icon-toggle-span\"><svg style=\"fill: #999;color:#999\" xmlns=\"http:\/\/www.w3.org\/2000\/svg\" class=\"list-377408\" width=\"20px\" height=\"20px\" viewBox=\"0 0 24 24\" fill=\"none\"><path d=\"M6 6H4v2h2V6zm14 0H8v2h12V6zM4 11h2v2H4v-2zm16 0H8v2h12v-2zM4 16h2v2H4v-2zm16 0H8v2h12v-2z\" fill=\"currentColor\"><\/path><\/svg><svg style=\"fill: #999;color:#999\" class=\"arrow-unsorted-368013\" xmlns=\"http:\/\/www.w3.org\/2000\/svg\" width=\"10px\" height=\"10px\" viewBox=\"0 0 24 24\" version=\"1.2\" baseProfile=\"tiny\"><path d=\"M18.2 9.3l-6.2-6.3-6.2 6.3c-.2.2-.3.4-.3.7s.1.5.3.7c.2.2.4.3.7.3h11c.3 0 .5-.1.7-.3.2-.2.3-.5.3-.7s-.1-.5-.3-.7zM5.8 14.7l6.2 6.3 6.2-6.3c.2-.2.3-.5.3-.7s-.1-.5-.3-.7c-.2-.2-.4-.3-.7-.3h-11c-.3 0-.5.1-.7.3-.2.2-.3.5-.3.7s.1.5.3.7z\"\/><\/svg><\/span><\/span><\/span><\/a><\/span><\/div>\n<nav><ul class='ez-toc-list ez-toc-list-level-1 ' ><li class='ez-toc-page-1 ez-toc-heading-level-2'><a class=\"ez-toc-link ez-toc-heading-1\" href=\"https:\/\/www.proteprime.com.br\/blog\/embalagens-reciclaveis\/checklist-para-adotar-praticas-de-economia-circular-em-embalagens\/#O_que_e_Economia_Circular\" title=\"O que \u00e9 Economia Circular?\">O que \u00e9 Economia Circular?<\/a><\/li><li class='ez-toc-page-1 ez-toc-heading-level-2'><a class=\"ez-toc-link ez-toc-heading-2\" href=\"https:\/\/www.proteprime.com.br\/blog\/embalagens-reciclaveis\/checklist-para-adotar-praticas-de-economia-circular-em-embalagens\/#Checklist_essencial_para_pratica_de_economia_circular\" title=\"Checklist essencial para pr\u00e1tica de economia circular\">Checklist essencial para pr\u00e1tica de economia circular<\/a><ul class='ez-toc-list-level-3' ><li class='ez-toc-heading-level-3'><a class=\"ez-toc-link ez-toc-heading-3\" href=\"https:\/\/www.proteprime.com.br\/blog\/embalagens-reciclaveis\/checklist-para-adotar-praticas-de-economia-circular-em-embalagens\/#5_Educacao_e_treinamento\" title=\"5. Educa\u00e7\u00e3o e treinamento\">5. Educa\u00e7\u00e3o e treinamento<\/a><\/li><\/ul><\/li><\/ul><\/nav><\/div>\n<h2 class=\"wp-block-heading\"><span class=\"ez-toc-section\" id=\"O_que_e_Economia_Circular\"><\/span><strong>O que \u00e9 Economia Circular?<\/strong><span class=\"ez-toc-section-end\"><\/span><\/h2>\n\n\n\n<p>A economia circular \u00e9 um modelo econ\u00f4mico que visa minimizar o desperd\u00edcio e fazer o melhor uso dos recursos dispon\u00edveis. Diferente do modelo linear tradicional (extra\u00e7\u00e3o-produ\u00e7\u00e3o-descarte), a economia circular promove a reutiliza\u00e7\u00e3o, reciclagem e renova\u00e7\u00e3o de materiais e produtos ao longo de seu ciclo de vida. Isso resulta em benef\u00edcios ambientais, econ\u00f4micos e sociais.<\/p>\n\n\n\n<p><a href=\"https:\/\/www.proteprime.com.br\/blog\/artigos\/logistica-reversa-vantagens\/\">\ud83d\udca1Entenda mais sobre a log\u00edstica reversa<\/a><\/p>\n\n\n\n<h2 class=\"wp-block-heading\"><span class=\"ez-toc-section\" id=\"Checklist_essencial_para_pratica_de_economia_circular\"><\/span><strong>Checklist essencial para pr\u00e1tica de economia circular<\/strong><span class=\"ez-toc-section-end\"><\/span><\/h2>\n\n\n\n<ol class=\"wp-block-list\">\n<li><strong>An\u00e1lise do ciclo de vida das embalagens<\/strong><\/li>\n<\/ol>\n\n\n\n<ul class=\"wp-block-list\">\n<li><strong>Identifica\u00e7\u00e3o dos materiais: <\/strong>Realize uma avalia\u00e7\u00e3o detalhada dos materiais das embalagens atuais, incluindo composi\u00e7\u00e3o qu\u00edmica, origem das mat\u00e9rias-primas e capacidade de reciclagem ou reutiliza\u00e7\u00e3o. Considere a possibilidade de substituir componentes convencionais por alternativas mais sustent\u00e1veis, como materiais biodegrad\u00e1veis ou provenientes de fontes renov\u00e1veis. A an\u00e1lise deve tamb\u00e9m avaliar o impacto ambiental de cada material ao longo de todo o ciclo de vida da embalagem.<\/li>\n\n\n\n<li><strong>Mapeamento de processos:<\/strong> Documente todas as etapas do ciclo de vida da embalagem, come\u00e7ando pela extra\u00e7\u00e3o das mat\u00e9rias-primas at\u00e9 o descarte final. Identifique os pontos cr\u00edticos em cada fase onde \u00e9 poss\u00edvel implementar pr\u00e1ticas mais sustent\u00e1veis, como a utiliza\u00e7\u00e3o de energia renov\u00e1vel na produ\u00e7\u00e3o, a otimiza\u00e7\u00e3o de processos log\u00edsticos para reduzir a pegada de carbono, e a promo\u00e7\u00e3o de sistemas de coleta e reciclagem eficientes. A an\u00e1lise deve tamb\u00e9m considerar a viabilidade econ\u00f4mica e t\u00e9cnica das mudan\u00e7as propostas, garantindo que elas sejam aplic\u00e1veis sem comprometer a qualidade e a resist\u00eancia das embalagens.<\/li>\n<\/ul>\n\n\n\n<p><strong>2. Redesign de produtos<\/strong><\/p>\n\n\n\n<ul class=\"wp-block-list\">\n<li><strong>Simplicidade e efici\u00eancia<\/strong>: A simplifica\u00e7\u00e3o do design das embalagens \u00e9 uma boa estrat\u00e9gia para a redu\u00e7\u00e3o da quantidade de material utilizado. Esta abordagem n\u00e3o compromete a qualidade do produto, mas otimiza o uso de recursos.<\/li>\n<\/ul>\n\n\n\n<p>A ProtePrime, ao adotar esse princ\u00edpio, garante que suas embalagens sejam mais leves e econ\u00f4micas, sem perder a resist\u00eancia e durabilidade necess\u00e1rias para proteger o conte\u00fado.<\/p>\n\n\n\n<p><a href=\"https:\/\/www.proteprime.com.br\/blog\/uncategorized\/como-as-embalagens-flexiveis-podem-melhorar-a-eficiencia-logistica\/\">\ud83d\udca1 Como as embalagens flex\u00edveis podem melhorar sua efici\u00eancia log\u00edstica<\/a><\/p>\n\n\n\n<ul class=\"wp-block-list\">\n<li><strong>Modularidade<\/strong>: A introdu\u00e7\u00e3o de elementos modulares nas embalagens facilita a desmontagem e reciclagem dos componentes. A modularidade tamb\u00e9m oferece flexibilidade no armazenamento e transporte, otimizando a log\u00edstica e o reaproveitamento de materiais.<\/li>\n\n\n\n<li><strong>Design para reciclagem<\/strong>: A escolha de materiais recicl\u00e1veis \u00e9 crucial para um design sustent\u00e1vel. Ao optar por materiais que possam ser facilmente reciclados, se evita o uso de componentes que dificultam o processo de reciclagem.<\/li>\n\n\n\n<li><strong>Novas tecnologias:<\/strong> Considere o uso de biopl\u00e1sticos e outros materiais inovadores que combinam performance com sustentabilidade ambiental.<\/li>\n<\/ul>\n\n\n\n<p><strong>4. <\/strong><strong>Estabelecimento de parcerias estrat\u00e9gicas<\/strong><\/p>\n\n\n\n<ul class=\"wp-block-list\">\n<li><strong>Fornecedores sustent\u00e1veis:<\/strong> Escolha fornecedores que compartilhem um compromisso com a sustentabilidade e a economia circular. Isso inclui a escolha de parceiros que utilizem materiais reciclados ou biodegrad\u00e1veis em seus processos de fabrica\u00e7\u00e3o e que implementem pr\u00e1ticas de produ\u00e7\u00e3o respons\u00e1veis, como a redu\u00e7\u00e3o de res\u00edduos e o uso eficiente de recursos naturais.<\/li>\n\n\n\n<li><strong>Coopera\u00e7\u00e3o com clientes:<\/strong> Incentive os clientes a devolverem embalagens usadas para reciclagem ou para reenviar atrav\u00e9s de programas de log\u00edstica reversa. Uma maneira eficaz de promover essa coopera\u00e7\u00e3o \u00e9 por meio de programas de log\u00edstica reversa, como programas de fidelidade ou descontos que funcionam como incentivo para os clientes que participam ativamente dessas iniciativas.<\/li>\n<\/ul>\n\n\n\n<h3 class=\"wp-block-heading\"><span class=\"ez-toc-section\" id=\"5_Educacao_e_treinamento\"><\/span><strong>5. Educa\u00e7\u00e3o e treinamento<\/strong><span class=\"ez-toc-section-end\"><\/span><\/h3>\n\n\n\n<ul class=\"wp-block-list\">\n<li><strong>Capacita\u00e7\u00e3o da Equipe:<\/strong> Garanta que sua equipe compreenda os princ\u00edpios da economia circular e esteja preparada para implement\u00e1-los. Essa forma\u00e7\u00e3o capacita a equipe para identificar oportunidades para reduzir o desperd\u00edcio, reutilizar materiais e reciclar dentro de suas fun\u00e7\u00f5es espec\u00edficas<\/li>\n\n\n\n<li><strong>Engajamento Interno:<\/strong> Promova uma cultura interna de sustentabilidade, incentivando inova\u00e7\u00f5es e melhorias cont\u00ednuas. Campanhas de conscientiza\u00e7\u00e3o, workshops colaborativos e sistemas de recompensa para ideias sustent\u00e1veis s\u00e3o algumas das estrat\u00e9gias que podem ser adotadas. O objetivo \u00e9 criar um ambiente onde a sustentabilidade seja um valor compartilhado e uma responsabilidade coletiva, motivando os funcion\u00e1rios a incorporarem pr\u00e1ticas sustent\u00e1veis no dia a dia de suas atividades.<\/li>\n<\/ul>\n\n\n\n<p><a href=\"https:\/\/www.proteprime.com.br\/blog\/artigos\/tres-acoes-sustentaveis-prime-que-voce-tambem-pode-realizar-na-sua-empresa\/\">\ud83d\udca1Tr\u00eas a\u00e7\u00f5es sustent\u00e1veis para voc\u00ea implementar em sua empresa<\/a><\/p>\n\n\n\n<p>Implementar pr\u00e1ticas de economia circular em embalagens \u00e9 um processo que requer planejamento cuidadoso e comprometimento cont\u00ednuo. Seguindo este checklist, sua empresa estar\u00e1 bem equipada para fazer a transi\u00e7\u00e3o para um modelo mais sustent\u00e1vel e eficiente, minimizando o desperd\u00edcio e otimizando o uso de recursos.<\/p>\n\n\n\n<p>Na <a href=\"https:\/\/www.instagram.com\/proteprimeoficial\/\"><strong>ProtePrime<\/strong>,<\/a> entendemos a import\u00e2ncia da sustentabilidade e da inova\u00e7\u00e3o. Nossas embalagens s\u00e3o projetadas para atender \u00e0s suas necessidades espec\u00edficas, com um compromisso cont\u00ednuo com a qualidade e a sustentabilidade. <strong>Entre em contato conosco e descubra como podemos ajudar sua empresa a implementar pr\u00e1ticas de economia circular em suas embalagens.<\/strong><\/p>\n","protected":false},"excerpt":{"rendered":"<p><span class=\"span-reading-time rt-reading-time\" style=\"display: block;\"><span class=\"rt-label rt-prefix\">Tempo de leitura:<\/span> <span class=\"rt-time\"> 4<\/span> <span class=\"rt-label rt-postfix\">minutos<\/span><\/span>A transi\u00e7\u00e3o para um modelo de economia circular \u00e9 uma estrat\u00e9gia que pode trazer benef\u00edcios significativos \u00e0s empresas, especialmente no setor de embalagens. No entanto, adotar essas pr\u00e1ticas de maneira eficaz requer um planejamento cuidadoso e uma compreens\u00e3o clara dos processos envolvidos. Neste artigo, vamos explorar um checklist essencial para ajudar sua empresa a implementar &hellip; <\/p>\n","protected":false},"author":1,"featured_media":403,"comment_status":"open","ping_status":"open","sticky":false,"template":"","format":"standard","meta":{"footnotes":""},"categories":[405],"tags":[],"class_list":["post-402","post","type-post","status-publish","format-standard","has-post-thumbnail","hentry","category-embalagens-reciclaveis"],"yoast_head":"<!-- This site is optimized with the Yoast SEO plugin v24.4 - https:\/\/yoast.com\/wordpress\/plugins\/seo\/ -->\n<title>Checklist para Adotar Pr\u00e1ticas de Economia em Embalagens<\/title>\n<meta name=\"description\" content=\"Aprenda sobre an\u00e1lise do ciclo de vida das embalagens, redesign, parcerias estrat\u00e9gicas e treinamento de equipe para otimizar recursos,\" \/>\n<meta name=\"robots\" content=\"index, follow, max-snippet:-1, max-image-preview:large, max-video-preview:-1\" \/>\n<link rel=\"canonical\" href=\"https:\/\/www.proteprime.com.br\/blog\/embalagens-reciclaveis\/checklist-para-adotar-praticas-de-economia-circular-em-embalagens\/\" \/>\n<meta property=\"og:locale\" content=\"pt_BR\" \/>\n<meta property=\"og:type\" content=\"article\" \/>\n<meta property=\"og:title\" content=\"Checklist para Adotar Pr\u00e1ticas de Economia em Embalagens\" \/>\n<meta property=\"og:description\" content=\"Aprenda sobre an\u00e1lise do ciclo de vida das embalagens, redesign, parcerias estrat\u00e9gicas e treinamento de equipe para otimizar recursos,\" \/>\n<meta property=\"og:url\" content=\"https:\/\/www.proteprime.com.br\/blog\/embalagens-reciclaveis\/checklist-para-adotar-praticas-de-economia-circular-em-embalagens\/\" \/>\n<meta property=\"og:site_name\" content=\"ProtePrime\" \/>\n<meta property=\"article:published_time\" content=\"2024-07-31T02:58:38+00:00\" \/>\n<meta property=\"article:modified_time\" content=\"2025-02-13T17:33:44+00:00\" \/>\n<meta property=\"og:image\" content=\"https:\/\/www.proteprime.com.br\/blog\/wp-content\/uploads\/2024\/07\/unnamed-1.jpg\" \/>\n\t<meta property=\"og:image:width\" content=\"1080\" \/>\n\t<meta property=\"og:image:height\" content=\"1080\" \/>\n\t<meta property=\"og:image:type\" content=\"image\/jpeg\" \/>\n<meta name=\"author\" content=\"admin\" \/>\n<meta name=\"twitter:card\" content=\"summary_large_image\" \/>\n<meta name=\"twitter:label1\" content=\"Escrito por\" \/>\n\t<meta name=\"twitter:data1\" content=\"admin\" \/>\n\t<meta name=\"twitter:label2\" content=\"Est. tempo de leitura\" \/>\n\t<meta name=\"twitter:data2\" content=\"5 minutos\" \/>\n<script type=\"application\/ld+json\" class=\"yoast-schema-graph\">{\"@context\":\"https:\/\/schema.org\",\"@graph\":[{\"@type\":\"Article\",\"@id\":\"https:\/\/www.proteprime.com.br\/blog\/embalagens-reciclaveis\/checklist-para-adotar-praticas-de-economia-circular-em-embalagens\/#article\",\"isPartOf\":{\"@id\":\"https:\/\/www.proteprime.com.br\/blog\/embalagens-reciclaveis\/checklist-para-adotar-praticas-de-economia-circular-em-embalagens\/\"},\"author\":{\"name\":\"admin\",\"@id\":\"https:\/\/www.proteprime.com.br\/blog\/#\/schema\/person\/f763fb7cdb17c4a543db4047ba253ced\"},\"headline\":\"Sem t\u00edtulo\",\"datePublished\":\"2024-07-31T02:58:38+00:00\",\"dateModified\":\"2025-02-13T17:33:44+00:00\",\"mainEntityOfPage\":{\"@id\":\"https:\/\/www.proteprime.com.br\/blog\/embalagens-reciclaveis\/checklist-para-adotar-praticas-de-economia-circular-em-embalagens\/\"},\"wordCount\":876,\"commentCount\":0,\"publisher\":{\"@id\":\"https:\/\/www.proteprime.com.br\/blog\/#organization\"},\"image\":{\"@id\":\"https:\/\/www.proteprime.com.br\/blog\/embalagens-reciclaveis\/checklist-para-adotar-praticas-de-economia-circular-em-embalagens\/#primaryimage\"},\"thumbnailUrl\":\"https:\/\/www.proteprime.com.br\/blog\/wp-content\/uploads\/2024\/07\/unnamed-1.jpg\",\"articleSection\":[\"Embalagens recicl\u00e1veis\"],\"inLanguage\":\"pt-BR\",\"potentialAction\":[{\"@type\":\"CommentAction\",\"name\":\"Comment\",\"target\":[\"https:\/\/www.proteprime.com.br\/blog\/embalagens-reciclaveis\/checklist-para-adotar-praticas-de-economia-circular-em-embalagens\/#respond\"]}]},{\"@type\":\"WebPage\",\"@id\":\"https:\/\/www.proteprime.com.br\/blog\/embalagens-reciclaveis\/checklist-para-adotar-praticas-de-economia-circular-em-embalagens\/\",\"url\":\"https:\/\/www.proteprime.com.br\/blog\/embalagens-reciclaveis\/checklist-para-adotar-praticas-de-economia-circular-em-embalagens\/\",\"name\":\"Checklist para Adotar Pr\u00e1ticas de Economia em Embalagens\",\"isPartOf\":{\"@id\":\"https:\/\/www.proteprime.com.br\/blog\/#website\"},\"primaryImageOfPage\":{\"@id\":\"https:\/\/www.proteprime.com.br\/blog\/embalagens-reciclaveis\/checklist-para-adotar-praticas-de-economia-circular-em-embalagens\/#primaryimage\"},\"image\":{\"@id\":\"https:\/\/www.proteprime.com.br\/blog\/embalagens-reciclaveis\/checklist-para-adotar-praticas-de-economia-circular-em-embalagens\/#primaryimage\"},\"thumbnailUrl\":\"https:\/\/www.proteprime.com.br\/blog\/wp-content\/uploads\/2024\/07\/unnamed-1.jpg\",\"datePublished\":\"2024-07-31T02:58:38+00:00\",\"dateModified\":\"2025-02-13T17:33:44+00:00\",\"description\":\"Aprenda sobre an\u00e1lise do ciclo de vida das embalagens, redesign, parcerias estrat\u00e9gicas e treinamento de equipe para otimizar recursos,\",\"inLanguage\":\"pt-BR\",\"potentialAction\":[{\"@type\":\"ReadAction\",\"target\":[\"https:\/\/www.proteprime.com.br\/blog\/embalagens-reciclaveis\/checklist-para-adotar-praticas-de-economia-circular-em-embalagens\/\"]}]},{\"@type\":\"ImageObject\",\"inLanguage\":\"pt-BR\",\"@id\":\"https:\/\/www.proteprime.com.br\/blog\/embalagens-reciclaveis\/checklist-para-adotar-praticas-de-economia-circular-em-embalagens\/#primaryimage\",\"url\":\"https:\/\/www.proteprime.com.br\/blog\/wp-content\/uploads\/2024\/07\/unnamed-1.jpg\",\"contentUrl\":\"https:\/\/www.proteprime.com.br\/blog\/wp-content\/uploads\/2024\/07\/unnamed-1.jpg\",\"width\":1080,\"height\":1080},{\"@type\":\"WebSite\",\"@id\":\"https:\/\/www.proteprime.com.br\/blog\/#website\",\"url\":\"https:\/\/www.proteprime.com.br\/blog\/\",\"name\":\"ProtePrime\",\"description\":\"Blog\",\"publisher\":{\"@id\":\"https:\/\/www.proteprime.com.br\/blog\/#organization\"},\"potentialAction\":[{\"@type\":\"SearchAction\",\"target\":{\"@type\":\"EntryPoint\",\"urlTemplate\":\"https:\/\/www.proteprime.com.br\/blog\/?s={search_term_string}\"},\"query-input\":{\"@type\":\"PropertyValueSpecification\",\"valueRequired\":true,\"valueName\":\"search_term_string\"}}],\"inLanguage\":\"pt-BR\"},{\"@type\":\"Organization\",\"@id\":\"https:\/\/www.proteprime.com.br\/blog\/#organization\",\"name\":\"ProtePrime\",\"url\":\"https:\/\/www.proteprime.com.br\/blog\/\",\"logo\":{\"@type\":\"ImageObject\",\"inLanguage\":\"pt-BR\",\"@id\":\"https:\/\/www.proteprime.com.br\/blog\/#\/schema\/logo\/image\/\",\"url\":\"https:\/\/www.proteprime.com.br\/blog\/wp-content\/uploads\/2023\/08\/logotipo-PPG-3.png\",\"contentUrl\":\"https:\/\/www.proteprime.com.br\/blog\/wp-content\/uploads\/2023\/08\/logotipo-PPG-3.png\",\"width\":200,\"height\":99,\"caption\":\"ProtePrime\"},\"image\":{\"@id\":\"https:\/\/www.proteprime.com.br\/blog\/#\/schema\/logo\/image\/\"}},{\"@type\":\"Person\",\"@id\":\"https:\/\/www.proteprime.com.br\/blog\/#\/schema\/person\/f763fb7cdb17c4a543db4047ba253ced\",\"name\":\"admin\",\"image\":{\"@type\":\"ImageObject\",\"inLanguage\":\"pt-BR\",\"@id\":\"https:\/\/www.proteprime.com.br\/blog\/#\/schema\/person\/image\/\",\"url\":\"https:\/\/secure.gravatar.com\/avatar\/bd8125b24775f217cdea35dcfa839469?s=96&d=mm&r=g\",\"contentUrl\":\"https:\/\/secure.gravatar.com\/avatar\/bd8125b24775f217cdea35dcfa839469?s=96&d=mm&r=g\",\"caption\":\"admin\"},\"sameAs\":[\"https:\/\/proteprime.com.br\/blog\"],\"url\":\"https:\/\/www.proteprime.com.br\/blog\/author\/admin\/\"}]}<\/script>\n<!-- \/ Yoast SEO plugin. -->","yoast_head_json":{"title":"Checklist para Adotar Pr\u00e1ticas de Economia em Embalagens","description":"Aprenda sobre an\u00e1lise do ciclo de vida das embalagens, redesign, parcerias estrat\u00e9gicas e treinamento de equipe para otimizar recursos,","robots":{"index":"index","follow":"follow","max-snippet":"max-snippet:-1","max-image-preview":"max-image-preview:large","max-video-preview":"max-video-preview:-1"},"canonical":"https:\/\/www.proteprime.com.br\/blog\/embalagens-reciclaveis\/checklist-para-adotar-praticas-de-economia-circular-em-embalagens\/","og_locale":"pt_BR","og_type":"article","og_title":"Checklist para Adotar Pr\u00e1ticas de Economia em Embalagens","og_description":"Aprenda sobre an\u00e1lise do ciclo de vida das embalagens, redesign, parcerias estrat\u00e9gicas e treinamento de equipe para otimizar recursos,","og_url":"https:\/\/www.proteprime.com.br\/blog\/embalagens-reciclaveis\/checklist-para-adotar-praticas-de-economia-circular-em-embalagens\/","og_site_name":"ProtePrime","article_published_time":"2024-07-31T02:58:38+00:00","article_modified_time":"2025-02-13T17:33:44+00:00","og_image":[{"width":1080,"height":1080,"url":"https:\/\/www.proteprime.com.br\/blog\/wp-content\/uploads\/2024\/07\/unnamed-1.jpg","type":"image\/jpeg"}],"author":"admin","twitter_card":"summary_large_image","twitter_misc":{"Escrito por":"admin","Est. tempo de leitura":"5 minutos"},"schema":{"@context":"https:\/\/schema.org","@graph":[{"@type":"Article","@id":"https:\/\/www.proteprime.com.br\/blog\/embalagens-reciclaveis\/checklist-para-adotar-praticas-de-economia-circular-em-embalagens\/#article","isPartOf":{"@id":"https:\/\/www.proteprime.com.br\/blog\/embalagens-reciclaveis\/checklist-para-adotar-praticas-de-economia-circular-em-embalagens\/"},"author":{"name":"admin","@id":"https:\/\/www.proteprime.com.br\/blog\/#\/schema\/person\/f763fb7cdb17c4a543db4047ba253ced"},"headline":"Sem t\u00edtulo","datePublished":"2024-07-31T02:58:38+00:00","dateModified":"2025-02-13T17:33:44+00:00","mainEntityOfPage":{"@id":"https:\/\/www.proteprime.com.br\/blog\/embalagens-reciclaveis\/checklist-para-adotar-praticas-de-economia-circular-em-embalagens\/"},"wordCount":876,"commentCount":0,"publisher":{"@id":"https:\/\/www.proteprime.com.br\/blog\/#organization"},"image":{"@id":"https:\/\/www.proteprime.com.br\/blog\/embalagens-reciclaveis\/checklist-para-adotar-praticas-de-economia-circular-em-embalagens\/#primaryimage"},"thumbnailUrl":"https:\/\/www.proteprime.com.br\/blog\/wp-content\/uploads\/2024\/07\/unnamed-1.jpg","articleSection":["Embalagens recicl\u00e1veis"],"inLanguage":"pt-BR","potentialAction":[{"@type":"CommentAction","name":"Comment","target":["https:\/\/www.proteprime.com.br\/blog\/embalagens-reciclaveis\/checklist-para-adotar-praticas-de-economia-circular-em-embalagens\/#respond"]}]},{"@type":"WebPage","@id":"https:\/\/www.proteprime.com.br\/blog\/embalagens-reciclaveis\/checklist-para-adotar-praticas-de-economia-circular-em-embalagens\/","url":"https:\/\/www.proteprime.com.br\/blog\/embalagens-reciclaveis\/checklist-para-adotar-praticas-de-economia-circular-em-embalagens\/","name":"Checklist para Adotar Pr\u00e1ticas de Economia em Embalagens","isPartOf":{"@id":"https:\/\/www.proteprime.com.br\/blog\/#website"},"primaryImageOfPage":{"@id":"https:\/\/www.proteprime.com.br\/blog\/embalagens-reciclaveis\/checklist-para-adotar-praticas-de-economia-circular-em-embalagens\/#primaryimage"},"image":{"@id":"https:\/\/www.proteprime.com.br\/blog\/embalagens-reciclaveis\/checklist-para-adotar-praticas-de-economia-circular-em-embalagens\/#primaryimage"},"thumbnailUrl":"https:\/\/www.proteprime.com.br\/blog\/wp-content\/uploads\/2024\/07\/unnamed-1.jpg","datePublished":"2024-07-31T02:58:38+00:00","dateModified":"2025-02-13T17:33:44+00:00","description":"Aprenda sobre an\u00e1lise do ciclo de vida das embalagens, redesign, parcerias estrat\u00e9gicas e treinamento de equipe para otimizar recursos,","inLanguage":"pt-BR","potentialAction":[{"@type":"ReadAction","target":["https:\/\/www.proteprime.com.br\/blog\/embalagens-reciclaveis\/checklist-para-adotar-praticas-de-economia-circular-em-embalagens\/"]}]},{"@type":"ImageObject","inLanguage":"pt-BR","@id":"https:\/\/www.proteprime.com.br\/blog\/embalagens-reciclaveis\/checklist-para-adotar-praticas-de-economia-circular-em-embalagens\/#primaryimage","url":"https:\/\/www.proteprime.com.br\/blog\/wp-content\/uploads\/2024\/07\/unnamed-1.jpg","contentUrl":"https:\/\/www.proteprime.com.br\/blog\/wp-content\/uploads\/2024\/07\/unnamed-1.jpg","width":1080,"height":1080},{"@type":"WebSite","@id":"https:\/\/www.proteprime.com.br\/blog\/#website","url":"https:\/\/www.proteprime.com.br\/blog\/","name":"ProtePrime","description":"Blog","publisher":{"@id":"https:\/\/www.proteprime.com.br\/blog\/#organization"},"potentialAction":[{"@type":"SearchAction","target":{"@type":"EntryPoint","urlTemplate":"https:\/\/www.proteprime.com.br\/blog\/?s={search_term_string}"},"query-input":{"@type":"PropertyValueSpecification","valueRequired":true,"valueName":"search_term_string"}}],"inLanguage":"pt-BR"},{"@type":"Organization","@id":"https:\/\/www.proteprime.com.br\/blog\/#organization","name":"ProtePrime","url":"https:\/\/www.proteprime.com.br\/blog\/","logo":{"@type":"ImageObject","inLanguage":"pt-BR","@id":"https:\/\/www.proteprime.com.br\/blog\/#\/schema\/logo\/image\/","url":"https:\/\/www.proteprime.com.br\/blog\/wp-content\/uploads\/2023\/08\/logotipo-PPG-3.png","contentUrl":"https:\/\/www.proteprime.com.br\/blog\/wp-content\/uploads\/2023\/08\/logotipo-PPG-3.png","width":200,"height":99,"caption":"ProtePrime"},"image":{"@id":"https:\/\/www.proteprime.com.br\/blog\/#\/schema\/logo\/image\/"}},{"@type":"Person","@id":"https:\/\/www.proteprime.com.br\/blog\/#\/schema\/person\/f763fb7cdb17c4a543db4047ba253ced","name":"admin","image":{"@type":"ImageObject","inLanguage":"pt-BR","@id":"https:\/\/www.proteprime.com.br\/blog\/#\/schema\/person\/image\/","url":"https:\/\/secure.gravatar.com\/avatar\/bd8125b24775f217cdea35dcfa839469?s=96&d=mm&r=g","contentUrl":"https:\/\/secure.gravatar.com\/avatar\/bd8125b24775f217cdea35dcfa839469?s=96&d=mm&r=g","caption":"admin"},"sameAs":["https:\/\/proteprime.com.br\/blog"],"url":"https:\/\/www.proteprime.com.br\/blog\/author\/admin\/"}]}},"_links":{"self":[{"href":"https:\/\/www.proteprime.com.br\/blog\/wp-json\/wp\/v2\/posts\/402","targetHints":{"allow":["GET"]}}],"collection":[{"href":"https:\/\/www.proteprime.com.br\/blog\/wp-json\/wp\/v2\/posts"}],"about":[{"href":"https:\/\/www.proteprime.com.br\/blog\/wp-json\/wp\/v2\/types\/post"}],"author":[{"embeddable":true,"href":"https:\/\/www.proteprime.com.br\/blog\/wp-json\/wp\/v2\/users\/1"}],"replies":[{"embeddable":true,"href":"https:\/\/www.proteprime.com.br\/blog\/wp-json\/wp\/v2\/comments?post=402"}],"version-history":[{"count":2,"href":"https:\/\/www.proteprime.com.br\/blog\/wp-json\/wp\/v2\/posts\/402\/revisions"}],"predecessor-version":[{"id":428,"href":"https:\/\/www.proteprime.com.br\/blog\/wp-json\/wp\/v2\/posts\/402\/revisions\/428"}],"wp:featuredmedia":[{"embeddable":true,"href":"https:\/\/www.proteprime.com.br\/blog\/wp-json\/wp\/v2\/media\/403"}],"wp:attachment":[{"href":"https:\/\/www.proteprime.com.br\/blog\/wp-json\/wp\/v2\/media?parent=402"}],"wp:term":[{"taxonomy":"category","embeddable":true,"href":"https:\/\/www.proteprime.com.br\/blog\/wp-json\/wp\/v2\/categories?post=402"},{"taxonomy":"post_tag","embeddable":true,"href":"https:\/\/www.proteprime.com.br\/blog\/wp-json\/wp\/v2\/tags?post=402"}],"curies":[{"name":"wp","href":"https:\/\/api.w.org\/{rel}","templated":true}]}}