{"id":406,"date":"2024-08-14T16:33:01","date_gmt":"2024-08-14T16:33:01","guid":{"rendered":"https:\/\/www.proteprime.com.br\/blog\/?p=406"},"modified":"2025-02-13T17:33:37","modified_gmt":"2025-02-13T17:33:37","slug":"embalagens-para-alimentos-pereciveis-mantendo-a-qualidade-e-contribuindo-para-a-sustentabilidade","status":"publish","type":"post","link":"https:\/\/www.proteprime.com.br\/blog\/embalagens-reciclaveis\/embalagens-para-alimentos-pereciveis-mantendo-a-qualidade-e-contribuindo-para-a-sustentabilidade\/","title":{"rendered":""},"content":{"rendered":"<span class=\"span-reading-time rt-reading-time\" style=\"display: block;\"><span class=\"rt-label rt-prefix\">Tempo de leitura:<\/span> <span class=\"rt-time\"> 5<\/span> <span class=\"rt-label rt-postfix\">minutos<\/span><\/span>\n<p>A ind\u00fastria de alimentos perec\u00edveis enfrenta desafios complexos relacionados \u00e0 conserva\u00e7\u00e3o de produtos, redu\u00e7\u00e3o de desperd\u00edcios e sustentabilidade.\u00a0<\/p>\n\n\n\n<p>As inova\u00e7\u00f5es em embalagens desempenham um papel crucial nesse contexto, proporcionando solu\u00e7\u00f5es que n\u00e3o apenas prolongam a vida \u00fatil dos alimentos, mas tamb\u00e9m minimizam o impacto ambiental.&nbsp;<\/p>\n\n\n\n<p><strong>Tecnologias e materiais inovadores para embalagens de alimentos perec\u00edveis<\/strong><\/p>\n\n\n\n<p>No cen\u00e1rio atual da ind\u00fastria de alimentos perec\u00edveis, o avan\u00e7o das tecnologias e materiais inovadores em embalagens tem se mostrado fundamental para enfrentar os desafios complexos do setor. Essas solu\u00e7\u00f5es tecnol\u00f3gicas em embalagens representam um passo significativo em dire\u00e7\u00e3o a uma cadeia de suprimentos mais eficiente e ecologicamente respons\u00e1vel no setor aliment\u00edcio.<\/p>\n\n\n\n<p>Algumas das tecnologias atuais s\u00e3o:<\/p>\n\n\n\n<p><strong>Embalagens ativas<\/strong><\/p>\n\n\n\n<p>As embalagens ativas representam uma das maiores inova\u00e7\u00f5es no setor. N\u00e3o s\u00e3o comuns de se encontrar, e geralmente s\u00e3o empregadas em situa\u00e7\u00f5es que dependem de uma alt\u00edssima tecnologia e desempenho, como testes cient\u00edficos, por exemplo. Estas s\u00e3o projetadas para interagir ativamente com o conte\u00fado e o ambiente para prolongar a vida \u00fatil dos alimentos.<\/p>\n\n\n\n<ul class=\"wp-block-list\">\n<li><strong>Absorvedores de oxig\u00eanio:<\/strong> Inseridos dentro da embalagem, esses absorvedores removem o oxig\u00eanio, retardando a oxida\u00e7\u00e3o e o crescimento microbiano.<\/li>\n\n\n\n<li><strong>Liberadores de antioxidantes:<\/strong> Embalagens que liberam antioxidantes naturais ajudam a manter a frescura e qualidade dos alimentos por mais tempo.<\/li>\n\n\n\n<li><strong>Controladores de umidade:<\/strong> Materiais que absorvem ou liberam umidade conforme necess\u00e1rio, mantendo o n\u00edvel ideal para a conserva\u00e7\u00e3o do alimento.<\/li>\n<\/ul>\n\n\n\n<p><strong><br><\/strong><strong>Embalagens inteligentes<\/strong><\/p>\n\n\n\n<p>As embalagens inteligentes tamb\u00e9m utilizam tecnologias avan\u00e7adas para monitorar e comunicar a condi\u00e7\u00e3o dos alimentos em tempo real, tamb\u00e9m para situa\u00e7\u00f5es um pouco mais exigentes.<\/p>\n\n\n\n<ul class=\"wp-block-list\">\n<li><strong>Indicadores de frescura:<\/strong> Sensores que mudam de cor ou enviam alertas sobre o frescor e a seguran\u00e7a dos alimentos.<\/li>\n\n\n\n<li><strong>Etiquetas RFID e NFC:<\/strong> Permitem o rastreamento detalhado da cadeia de suprimentos, assegurando que os alimentos sejam armazenados e transportados nas condi\u00e7\u00f5es ideais.<\/li>\n<\/ul>\n\n\n\n<p><strong><br><\/strong><strong>Materiais biodegrad\u00e1veis e compost\u00e1veis<\/strong><\/p>\n\n\n\n<p>Esses materiais t\u00eam se mostrado a melhor solu\u00e7\u00e3o atual para redu\u00e7\u00e3o de desperd\u00edcios e sustentabilidade, visto que a substitui\u00e7\u00e3o de pl\u00e1sticos tradicionais por materiais biodegrad\u00e1veis e compost\u00e1veis \u00e9 economicamente vi\u00e1vel e muito superior.&nbsp;<\/p>\n\n\n\n<ul class=\"wp-block-list\">\n<li><strong>Biopl\u00e1sticos: <\/strong>Estes materiais oferecem resist\u00eancia similar ao pl\u00e1stico, mas s\u00e3o produzidos a partir de recursos renov\u00e1veis e s\u00e3o totalmente compost\u00e1veis.<\/li>\n\n\n\n<li><strong>Fibra de celulose:<\/strong> Extra\u00edda de fontes como papel reciclado e res\u00edduos agr\u00edcolas, a fibra de celulose \u00e9 uma op\u00e7\u00e3o biodegrad\u00e1vel eficaz para embalagens aliment\u00edcias.<\/li>\n<\/ul>\n\n\n\n<p><strong><br><\/strong><strong>Embalagens recicl\u00e1veis<\/strong><\/p>\n\n\n\n<p>O uso de materiais recicl\u00e1veis evita o ac\u00famulo de res\u00edduos e reduz a pegada de carbono da produ\u00e7\u00e3o de embalagens. \u00c9 atualmente o m\u00e9todo mais comum para empresas que se preocupam minimamente com as diretrizes de sustentabilidade.<\/p>\n\n\n\n<ul class=\"wp-block-list\">\n<li><strong>PET reciclado:<\/strong> Utilizado amplamente para garrafas e embalagens flex\u00edveis, o PET reciclado mant\u00e9m as propriedades de barreira contra gases e umidade.<\/li>\n\n\n\n<li><strong>Papel e papel\u00e3o reciclado:<\/strong> Ideal para caixas e embalagens secund\u00e1rias, o papel reciclado \u00e9 uma op\u00e7\u00e3o sustent\u00e1vel e amplamente recicl\u00e1vel.<\/li>\n<\/ul>\n\n\n\n<p><strong>Tecnologia de filmes de alta barreira<\/strong><\/p>\n\n\n\n<p>Os filmes de alta barreira s\u00e3o essenciais para manter a frescura e seguran\u00e7a dos alimentos perec\u00edveis. Essa tecnologia consiste em filmes pl\u00e1sticos especialmente projetados para criar uma barreira eficaz contra elementos externos, como oxig\u00eanio, umidade, luz e aromas.<\/p>\n\n\n\n<ul class=\"wp-block-list\">\n<li><strong>Nanoenvolt\u00f3rios:<\/strong> Usam nanomateriais para criar barreiras ultrafinas, mas extremamente eficazes contra gases e umidade.<\/li>\n\n\n\n<li><strong>Filmes multicamadas:<\/strong> Combinam diferentes materiais para proporcionar barreiras superiores sem comprometer a flexibilidade e a resist\u00eancia mec\u00e2nica da embalagem.<\/li>\n<\/ul>\n\n\n\n<p><strong>Sustentabilidade nas embalagens para o setor aliment\u00edcio<\/strong><\/p>\n\n\n\n<p>Para empresas do setor aliment\u00edcio que buscam trilhar o caminho da sustentabilidade, minimizando seu impacto ambiental e se destacando de seus concorrentes, segue algumas dicas de como concretizar esse desejo atrav\u00e9s de suas embalagens.<\/p>\n\n\n\n<p><strong>Economia circular<\/strong><\/p>\n\n\n\n<p>Incorporar a economia circular no design e uso das embalagens \u00e9 uma estrat\u00e9gia vencedora. Isso inclui:<\/p>\n\n\n\n<ul class=\"wp-block-list\">\n<li><strong>Design para reciclagem:<\/strong> Utilizar materiais que sejam facilmente recicl\u00e1veis e evitar combina\u00e7\u00f5es que dificultem o processo de reciclagem.<\/li>\n\n\n\n<li><strong>Programas de retorno:<\/strong> Oferecer programas onde os consumidores podem devolver embalagens usadas para reciclagem ou reutiliza\u00e7\u00e3o.<\/li>\n<\/ul>\n\n\n\n<p><a href=\"https:\/\/www.proteprime.com.br\/blog\/embalagens-reciclaveis\/checklist-para-adotar-praticas-de-economia-circular-em-embalagens\/\"><strong>Fizemos um checklist essencial para te ajudar a adotar pr\u00e1ticas de economia circular em embalagens!<\/strong><\/a><\/p>\n\n\n\n<p><strong>Educa\u00e7\u00e3o e conscientiza\u00e7\u00e3o do consumidor<\/strong><\/p>\n\n\n\n<p>As inova\u00e7\u00f5es em embalagens n\u00e3o s\u00e3o suficientes sem a conscientiza\u00e7\u00e3o dos consumidores. Fornecer informa\u00e7\u00f5es claras sobre como descartar adequadamente as embalagens e os benef\u00edcios das pr\u00e1ticas sustent\u00e1veis \u00e9 crucial.<\/p>\n\n\n\n<p><strong>Otimiza\u00e7\u00e3o log\u00edstica<\/strong><\/p>\n\n\n\n<p>Embalagens inovadoras tamb\u00e9m podem contribuir para a sustentabilidade log\u00edstica. Embalagens mais leves e otimizadas para transporte eficiente reduzem o consumo de combust\u00edvel e as emiss\u00f5es de CO\u2082.<\/p>\n\n\n\n<p>\ud83d\udca1 <a href=\"https:\/\/www.proteprime.com.br\/blog\/uncategorized\/como-as-embalagens-flexiveis-podem-melhorar-a-eficiencia-logistica\/\">Descubra como as embalagens flex\u00edveis podem melhorar a efici\u00eancia log\u00edstica!<\/a><\/p>\n\n\n\n<p><strong>O compromisso da ProtePrime com a inova\u00e7\u00e3o e sustentabilidade<\/strong><\/p>\n\n\n\n<p>A ProtePrime est\u00e1 comprometida em fornecer solu\u00e7\u00f5es que elevam a qualidade e a sustentabilidade. Nosso portf\u00f3lio inclui uma vasta gama de embalagens estrategicamente pensadas e produzidas, incluindo biodegrad\u00e1veis e de alta barreira, todas projetadas para atender \u00e0s necessidades espec\u00edficas do setor de alimentos perec\u00edveis.<\/p>\n\n\n\n<p>Nossa experi\u00eancia em desenvolvimento in-house e nossa certifica\u00e7\u00e3o ISO 9001 sublinham nosso compromisso com a qualidade e a inova\u00e7\u00e3o cont\u00ednua. Al\u00e9m disso, nosso servi\u00e7o de entrega r\u00e1pida garante que voc\u00ea receba as solu\u00e7\u00f5es que precisa no menor tempo poss\u00edvel, especialmente no estado de S\u00e3o Paulo.<\/p>\n\n\n\n<p>Ao escolher ProtePrime, voc\u00ea investe em solu\u00e7\u00f5es de embalagens avan\u00e7adas que n\u00e3o apenas protegem seus produtos, mas tamb\u00e9m respeitam o meio ambiente e ajudam na constru\u00e7\u00e3o de um futuro mais sustent\u00e1vel.<\/p>\n\n\n\n<p>Entre em contato conosco para descobrir como podemos ajudar sua empresa a adotar as \u00faltimas inova\u00e7\u00f5es em embalagens para alimentos perec\u00edveis, mantendo a qualidade, reduzindo desperd\u00edcios e promovendo a sustentabilidade.<\/p>\n\n\n\n<p>\ud83d\udca1 <a href=\"https:\/\/www.proteprime.com.br\/blog\/artigos\/5-maneiras-de-reduzir-os-custos-com-embalagens-sem-comprometer-a-qualidade\/\">&nbsp;Leia tamb\u00e9m: 5 maneiras de reduzir custos com embalagens sem comprometer a qualidade.<\/a>\ud83d\udca1 <a href=\"https:\/\/www.proteprime.com.br\/blog\/artigos\/embalagens-personalizadas\/\">&nbsp;Leia tamb\u00e9m: Como embalagens personalizadas podem fortalecer sua marca no mercado.<\/a><\/p>\n","protected":false},"excerpt":{"rendered":"<p><span class=\"span-reading-time rt-reading-time\" style=\"display: block;\"><span class=\"rt-label rt-prefix\">Tempo de leitura:<\/span> <span class=\"rt-time\"> 5<\/span> <span class=\"rt-label rt-postfix\">minutos<\/span><\/span>A ind\u00fastria de alimentos perec\u00edveis enfrenta desafios complexos relacionados \u00e0 conserva\u00e7\u00e3o de produtos, redu\u00e7\u00e3o de desperd\u00edcios e sustentabilidade.\u00a0 As inova\u00e7\u00f5es em embalagens desempenham um papel crucial nesse contexto, proporcionando solu\u00e7\u00f5es que n\u00e3o apenas prolongam a vida \u00fatil dos alimentos, mas tamb\u00e9m minimizam o impacto ambiental.&nbsp; Tecnologias e materiais inovadores para embalagens de alimentos perec\u00edveis No &hellip; <\/p>\n","protected":false},"author":1,"featured_media":407,"comment_status":"open","ping_status":"open","sticky":false,"template":"","format":"standard","meta":{"footnotes":""},"categories":[1247,405],"tags":[],"class_list":["post-406","post","type-post","status-publish","format-standard","has-post-thumbnail","hentry","category-embalagens-personalizadas","category-embalagens-reciclaveis"],"yoast_head":"<!-- This site is optimized with the Yoast SEO plugin v24.4 - https:\/\/yoast.com\/wordpress\/plugins\/seo\/ -->\n<title>- ProtePrime<\/title>\n<meta name=\"robots\" content=\"index, follow, max-snippet:-1, max-image-preview:large, max-video-preview:-1\" \/>\n<link rel=\"canonical\" href=\"https:\/\/www.proteprime.com.br\/blog\/embalagens-reciclaveis\/embalagens-para-alimentos-pereciveis-mantendo-a-qualidade-e-contribuindo-para-a-sustentabilidade\/\" \/>\n<meta property=\"og:locale\" content=\"pt_BR\" \/>\n<meta property=\"og:type\" content=\"article\" \/>\n<meta property=\"og:title\" content=\"- ProtePrime\" \/>\n<meta property=\"og:description\" content=\"Tempo de leitura: 5 minutosA ind\u00fastria de alimentos perec\u00edveis enfrenta desafios complexos relacionados \u00e0 conserva\u00e7\u00e3o de produtos, redu\u00e7\u00e3o de desperd\u00edcios e sustentabilidade.\u00a0 As inova\u00e7\u00f5es em embalagens desempenham um papel crucial nesse contexto, proporcionando solu\u00e7\u00f5es que n\u00e3o apenas prolongam a vida \u00fatil dos alimentos, mas tamb\u00e9m minimizam o impacto ambiental.&nbsp; Tecnologias e materiais inovadores para embalagens de alimentos perec\u00edveis No &hellip;\" \/>\n<meta property=\"og:url\" content=\"https:\/\/www.proteprime.com.br\/blog\/embalagens-reciclaveis\/embalagens-para-alimentos-pereciveis-mantendo-a-qualidade-e-contribuindo-para-a-sustentabilidade\/\" \/>\n<meta property=\"og:site_name\" content=\"ProtePrime\" \/>\n<meta property=\"article:published_time\" content=\"2024-08-14T16:33:01+00:00\" \/>\n<meta property=\"article:modified_time\" content=\"2025-02-13T17:33:37+00:00\" \/>\n<meta property=\"og:image\" content=\"https:\/\/www.proteprime.com.br\/blog\/wp-content\/uploads\/2024\/08\/Blog-9.png\" \/>\n\t<meta property=\"og:image:width\" content=\"1080\" \/>\n\t<meta property=\"og:image:height\" content=\"1080\" \/>\n\t<meta property=\"og:image:type\" content=\"image\/png\" \/>\n<meta name=\"author\" content=\"admin\" \/>\n<meta name=\"twitter:card\" content=\"summary_large_image\" \/>\n<meta name=\"twitter:label1\" content=\"Escrito por\" \/>\n\t<meta name=\"twitter:data1\" content=\"admin\" \/>\n\t<meta name=\"twitter:label2\" content=\"Est. tempo de leitura\" \/>\n\t<meta name=\"twitter:data2\" content=\"5 minutos\" \/>\n<script type=\"application\/ld+json\" class=\"yoast-schema-graph\">{\"@context\":\"https:\/\/schema.org\",\"@graph\":[{\"@type\":\"Article\",\"@id\":\"https:\/\/www.proteprime.com.br\/blog\/embalagens-reciclaveis\/embalagens-para-alimentos-pereciveis-mantendo-a-qualidade-e-contribuindo-para-a-sustentabilidade\/#article\",\"isPartOf\":{\"@id\":\"https:\/\/www.proteprime.com.br\/blog\/embalagens-reciclaveis\/embalagens-para-alimentos-pereciveis-mantendo-a-qualidade-e-contribuindo-para-a-sustentabilidade\/\"},\"author\":{\"name\":\"admin\",\"@id\":\"https:\/\/www.proteprime.com.br\/blog\/#\/schema\/person\/f763fb7cdb17c4a543db4047ba253ced\"},\"headline\":\"Sem t\u00edtulo\",\"datePublished\":\"2024-08-14T16:33:01+00:00\",\"dateModified\":\"2025-02-13T17:33:37+00:00\",\"mainEntityOfPage\":{\"@id\":\"https:\/\/www.proteprime.com.br\/blog\/embalagens-reciclaveis\/embalagens-para-alimentos-pereciveis-mantendo-a-qualidade-e-contribuindo-para-a-sustentabilidade\/\"},\"wordCount\":1033,\"commentCount\":0,\"publisher\":{\"@id\":\"https:\/\/www.proteprime.com.br\/blog\/#organization\"},\"image\":{\"@id\":\"https:\/\/www.proteprime.com.br\/blog\/embalagens-reciclaveis\/embalagens-para-alimentos-pereciveis-mantendo-a-qualidade-e-contribuindo-para-a-sustentabilidade\/#primaryimage\"},\"thumbnailUrl\":\"https:\/\/www.proteprime.com.br\/blog\/wp-content\/uploads\/2024\/08\/Blog-9.png\",\"articleSection\":[\"Embalagens personalizadas\",\"Embalagens recicl\u00e1veis\"],\"inLanguage\":\"pt-BR\",\"potentialAction\":[{\"@type\":\"CommentAction\",\"name\":\"Comment\",\"target\":[\"https:\/\/www.proteprime.com.br\/blog\/embalagens-reciclaveis\/embalagens-para-alimentos-pereciveis-mantendo-a-qualidade-e-contribuindo-para-a-sustentabilidade\/#respond\"]}]},{\"@type\":\"WebPage\",\"@id\":\"https:\/\/www.proteprime.com.br\/blog\/embalagens-reciclaveis\/embalagens-para-alimentos-pereciveis-mantendo-a-qualidade-e-contribuindo-para-a-sustentabilidade\/\",\"url\":\"https:\/\/www.proteprime.com.br\/blog\/embalagens-reciclaveis\/embalagens-para-alimentos-pereciveis-mantendo-a-qualidade-e-contribuindo-para-a-sustentabilidade\/\",\"name\":\"- ProtePrime\",\"isPartOf\":{\"@id\":\"https:\/\/www.proteprime.com.br\/blog\/#website\"},\"primaryImageOfPage\":{\"@id\":\"https:\/\/www.proteprime.com.br\/blog\/embalagens-reciclaveis\/embalagens-para-alimentos-pereciveis-mantendo-a-qualidade-e-contribuindo-para-a-sustentabilidade\/#primaryimage\"},\"image\":{\"@id\":\"https:\/\/www.proteprime.com.br\/blog\/embalagens-reciclaveis\/embalagens-para-alimentos-pereciveis-mantendo-a-qualidade-e-contribuindo-para-a-sustentabilidade\/#primaryimage\"},\"thumbnailUrl\":\"https:\/\/www.proteprime.com.br\/blog\/wp-content\/uploads\/2024\/08\/Blog-9.png\",\"datePublished\":\"2024-08-14T16:33:01+00:00\",\"dateModified\":\"2025-02-13T17:33:37+00:00\",\"inLanguage\":\"pt-BR\",\"potentialAction\":[{\"@type\":\"ReadAction\",\"target\":[\"https:\/\/www.proteprime.com.br\/blog\/embalagens-reciclaveis\/embalagens-para-alimentos-pereciveis-mantendo-a-qualidade-e-contribuindo-para-a-sustentabilidade\/\"]}]},{\"@type\":\"ImageObject\",\"inLanguage\":\"pt-BR\",\"@id\":\"https:\/\/www.proteprime.com.br\/blog\/embalagens-reciclaveis\/embalagens-para-alimentos-pereciveis-mantendo-a-qualidade-e-contribuindo-para-a-sustentabilidade\/#primaryimage\",\"url\":\"https:\/\/www.proteprime.com.br\/blog\/wp-content\/uploads\/2024\/08\/Blog-9.png\",\"contentUrl\":\"https:\/\/www.proteprime.com.br\/blog\/wp-content\/uploads\/2024\/08\/Blog-9.png\",\"width\":1080,\"height\":1080},{\"@type\":\"WebSite\",\"@id\":\"https:\/\/www.proteprime.com.br\/blog\/#website\",\"url\":\"https:\/\/www.proteprime.com.br\/blog\/\",\"name\":\"ProtePrime\",\"description\":\"Blog\",\"publisher\":{\"@id\":\"https:\/\/www.proteprime.com.br\/blog\/#organization\"},\"potentialAction\":[{\"@type\":\"SearchAction\",\"target\":{\"@type\":\"EntryPoint\",\"urlTemplate\":\"https:\/\/www.proteprime.com.br\/blog\/?s={search_term_string}\"},\"query-input\":{\"@type\":\"PropertyValueSpecification\",\"valueRequired\":true,\"valueName\":\"search_term_string\"}}],\"inLanguage\":\"pt-BR\"},{\"@type\":\"Organization\",\"@id\":\"https:\/\/www.proteprime.com.br\/blog\/#organization\",\"name\":\"ProtePrime\",\"url\":\"https:\/\/www.proteprime.com.br\/blog\/\",\"logo\":{\"@type\":\"ImageObject\",\"inLanguage\":\"pt-BR\",\"@id\":\"https:\/\/www.proteprime.com.br\/blog\/#\/schema\/logo\/image\/\",\"url\":\"https:\/\/www.proteprime.com.br\/blog\/wp-content\/uploads\/2023\/08\/logotipo-PPG-3.png\",\"contentUrl\":\"https:\/\/www.proteprime.com.br\/blog\/wp-content\/uploads\/2023\/08\/logotipo-PPG-3.png\",\"width\":200,\"height\":99,\"caption\":\"ProtePrime\"},\"image\":{\"@id\":\"https:\/\/www.proteprime.com.br\/blog\/#\/schema\/logo\/image\/\"}},{\"@type\":\"Person\",\"@id\":\"https:\/\/www.proteprime.com.br\/blog\/#\/schema\/person\/f763fb7cdb17c4a543db4047ba253ced\",\"name\":\"admin\",\"image\":{\"@type\":\"ImageObject\",\"inLanguage\":\"pt-BR\",\"@id\":\"https:\/\/www.proteprime.com.br\/blog\/#\/schema\/person\/image\/\",\"url\":\"https:\/\/secure.gravatar.com\/avatar\/bd8125b24775f217cdea35dcfa839469?s=96&d=mm&r=g\",\"contentUrl\":\"https:\/\/secure.gravatar.com\/avatar\/bd8125b24775f217cdea35dcfa839469?s=96&d=mm&r=g\",\"caption\":\"admin\"},\"sameAs\":[\"https:\/\/proteprime.com.br\/blog\"],\"url\":\"https:\/\/www.proteprime.com.br\/blog\/author\/admin\/\"}]}<\/script>\n<!-- \/ Yoast SEO plugin. -->","yoast_head_json":{"title":"- ProtePrime","robots":{"index":"index","follow":"follow","max-snippet":"max-snippet:-1","max-image-preview":"max-image-preview:large","max-video-preview":"max-video-preview:-1"},"canonical":"https:\/\/www.proteprime.com.br\/blog\/embalagens-reciclaveis\/embalagens-para-alimentos-pereciveis-mantendo-a-qualidade-e-contribuindo-para-a-sustentabilidade\/","og_locale":"pt_BR","og_type":"article","og_title":"- ProtePrime","og_description":"Tempo de leitura: 5 minutosA ind\u00fastria de alimentos perec\u00edveis enfrenta desafios complexos relacionados \u00e0 conserva\u00e7\u00e3o de produtos, redu\u00e7\u00e3o de desperd\u00edcios e sustentabilidade.\u00a0 As inova\u00e7\u00f5es em embalagens desempenham um papel crucial nesse contexto, proporcionando solu\u00e7\u00f5es que n\u00e3o apenas prolongam a vida \u00fatil dos alimentos, mas tamb\u00e9m minimizam o impacto ambiental.&nbsp; Tecnologias e materiais inovadores para embalagens de alimentos perec\u00edveis No &hellip;","og_url":"https:\/\/www.proteprime.com.br\/blog\/embalagens-reciclaveis\/embalagens-para-alimentos-pereciveis-mantendo-a-qualidade-e-contribuindo-para-a-sustentabilidade\/","og_site_name":"ProtePrime","article_published_time":"2024-08-14T16:33:01+00:00","article_modified_time":"2025-02-13T17:33:37+00:00","og_image":[{"width":1080,"height":1080,"url":"https:\/\/www.proteprime.com.br\/blog\/wp-content\/uploads\/2024\/08\/Blog-9.png","type":"image\/png"}],"author":"admin","twitter_card":"summary_large_image","twitter_misc":{"Escrito por":"admin","Est. tempo de leitura":"5 minutos"},"schema":{"@context":"https:\/\/schema.org","@graph":[{"@type":"Article","@id":"https:\/\/www.proteprime.com.br\/blog\/embalagens-reciclaveis\/embalagens-para-alimentos-pereciveis-mantendo-a-qualidade-e-contribuindo-para-a-sustentabilidade\/#article","isPartOf":{"@id":"https:\/\/www.proteprime.com.br\/blog\/embalagens-reciclaveis\/embalagens-para-alimentos-pereciveis-mantendo-a-qualidade-e-contribuindo-para-a-sustentabilidade\/"},"author":{"name":"admin","@id":"https:\/\/www.proteprime.com.br\/blog\/#\/schema\/person\/f763fb7cdb17c4a543db4047ba253ced"},"headline":"Sem t\u00edtulo","datePublished":"2024-08-14T16:33:01+00:00","dateModified":"2025-02-13T17:33:37+00:00","mainEntityOfPage":{"@id":"https:\/\/www.proteprime.com.br\/blog\/embalagens-reciclaveis\/embalagens-para-alimentos-pereciveis-mantendo-a-qualidade-e-contribuindo-para-a-sustentabilidade\/"},"wordCount":1033,"commentCount":0,"publisher":{"@id":"https:\/\/www.proteprime.com.br\/blog\/#organization"},"image":{"@id":"https:\/\/www.proteprime.com.br\/blog\/embalagens-reciclaveis\/embalagens-para-alimentos-pereciveis-mantendo-a-qualidade-e-contribuindo-para-a-sustentabilidade\/#primaryimage"},"thumbnailUrl":"https:\/\/www.proteprime.com.br\/blog\/wp-content\/uploads\/2024\/08\/Blog-9.png","articleSection":["Embalagens personalizadas","Embalagens recicl\u00e1veis"],"inLanguage":"pt-BR","potentialAction":[{"@type":"CommentAction","name":"Comment","target":["https:\/\/www.proteprime.com.br\/blog\/embalagens-reciclaveis\/embalagens-para-alimentos-pereciveis-mantendo-a-qualidade-e-contribuindo-para-a-sustentabilidade\/#respond"]}]},{"@type":"WebPage","@id":"https:\/\/www.proteprime.com.br\/blog\/embalagens-reciclaveis\/embalagens-para-alimentos-pereciveis-mantendo-a-qualidade-e-contribuindo-para-a-sustentabilidade\/","url":"https:\/\/www.proteprime.com.br\/blog\/embalagens-reciclaveis\/embalagens-para-alimentos-pereciveis-mantendo-a-qualidade-e-contribuindo-para-a-sustentabilidade\/","name":"- ProtePrime","isPartOf":{"@id":"https:\/\/www.proteprime.com.br\/blog\/#website"},"primaryImageOfPage":{"@id":"https:\/\/www.proteprime.com.br\/blog\/embalagens-reciclaveis\/embalagens-para-alimentos-pereciveis-mantendo-a-qualidade-e-contribuindo-para-a-sustentabilidade\/#primaryimage"},"image":{"@id":"https:\/\/www.proteprime.com.br\/blog\/embalagens-reciclaveis\/embalagens-para-alimentos-pereciveis-mantendo-a-qualidade-e-contribuindo-para-a-sustentabilidade\/#primaryimage"},"thumbnailUrl":"https:\/\/www.proteprime.com.br\/blog\/wp-content\/uploads\/2024\/08\/Blog-9.png","datePublished":"2024-08-14T16:33:01+00:00","dateModified":"2025-02-13T17:33:37+00:00","inLanguage":"pt-BR","potentialAction":[{"@type":"ReadAction","target":["https:\/\/www.proteprime.com.br\/blog\/embalagens-reciclaveis\/embalagens-para-alimentos-pereciveis-mantendo-a-qualidade-e-contribuindo-para-a-sustentabilidade\/"]}]},{"@type":"ImageObject","inLanguage":"pt-BR","@id":"https:\/\/www.proteprime.com.br\/blog\/embalagens-reciclaveis\/embalagens-para-alimentos-pereciveis-mantendo-a-qualidade-e-contribuindo-para-a-sustentabilidade\/#primaryimage","url":"https:\/\/www.proteprime.com.br\/blog\/wp-content\/uploads\/2024\/08\/Blog-9.png","contentUrl":"https:\/\/www.proteprime.com.br\/blog\/wp-content\/uploads\/2024\/08\/Blog-9.png","width":1080,"height":1080},{"@type":"WebSite","@id":"https:\/\/www.proteprime.com.br\/blog\/#website","url":"https:\/\/www.proteprime.com.br\/blog\/","name":"ProtePrime","description":"Blog","publisher":{"@id":"https:\/\/www.proteprime.com.br\/blog\/#organization"},"potentialAction":[{"@type":"SearchAction","target":{"@type":"EntryPoint","urlTemplate":"https:\/\/www.proteprime.com.br\/blog\/?s={search_term_string}"},"query-input":{"@type":"PropertyValueSpecification","valueRequired":true,"valueName":"search_term_string"}}],"inLanguage":"pt-BR"},{"@type":"Organization","@id":"https:\/\/www.proteprime.com.br\/blog\/#organization","name":"ProtePrime","url":"https:\/\/www.proteprime.com.br\/blog\/","logo":{"@type":"ImageObject","inLanguage":"pt-BR","@id":"https:\/\/www.proteprime.com.br\/blog\/#\/schema\/logo\/image\/","url":"https:\/\/www.proteprime.com.br\/blog\/wp-content\/uploads\/2023\/08\/logotipo-PPG-3.png","contentUrl":"https:\/\/www.proteprime.com.br\/blog\/wp-content\/uploads\/2023\/08\/logotipo-PPG-3.png","width":200,"height":99,"caption":"ProtePrime"},"image":{"@id":"https:\/\/www.proteprime.com.br\/blog\/#\/schema\/logo\/image\/"}},{"@type":"Person","@id":"https:\/\/www.proteprime.com.br\/blog\/#\/schema\/person\/f763fb7cdb17c4a543db4047ba253ced","name":"admin","image":{"@type":"ImageObject","inLanguage":"pt-BR","@id":"https:\/\/www.proteprime.com.br\/blog\/#\/schema\/person\/image\/","url":"https:\/\/secure.gravatar.com\/avatar\/bd8125b24775f217cdea35dcfa839469?s=96&d=mm&r=g","contentUrl":"https:\/\/secure.gravatar.com\/avatar\/bd8125b24775f217cdea35dcfa839469?s=96&d=mm&r=g","caption":"admin"},"sameAs":["https:\/\/proteprime.com.br\/blog"],"url":"https:\/\/www.proteprime.com.br\/blog\/author\/admin\/"}]}},"_links":{"self":[{"href":"https:\/\/www.proteprime.com.br\/blog\/wp-json\/wp\/v2\/posts\/406","targetHints":{"allow":["GET"]}}],"collection":[{"href":"https:\/\/www.proteprime.com.br\/blog\/wp-json\/wp\/v2\/posts"}],"about":[{"href":"https:\/\/www.proteprime.com.br\/blog\/wp-json\/wp\/v2\/types\/post"}],"author":[{"embeddable":true,"href":"https:\/\/www.proteprime.com.br\/blog\/wp-json\/wp\/v2\/users\/1"}],"replies":[{"embeddable":true,"href":"https:\/\/www.proteprime.com.br\/blog\/wp-json\/wp\/v2\/comments?post=406"}],"version-history":[{"count":2,"href":"https:\/\/www.proteprime.com.br\/blog\/wp-json\/wp\/v2\/posts\/406\/revisions"}],"predecessor-version":[{"id":427,"href":"https:\/\/www.proteprime.com.br\/blog\/wp-json\/wp\/v2\/posts\/406\/revisions\/427"}],"wp:featuredmedia":[{"embeddable":true,"href":"https:\/\/www.proteprime.com.br\/blog\/wp-json\/wp\/v2\/media\/407"}],"wp:attachment":[{"href":"https:\/\/www.proteprime.com.br\/blog\/wp-json\/wp\/v2\/media?parent=406"}],"wp:term":[{"taxonomy":"category","embeddable":true,"href":"https:\/\/www.proteprime.com.br\/blog\/wp-json\/wp\/v2\/categories?post=406"},{"taxonomy":"post_tag","embeddable":true,"href":"https:\/\/www.proteprime.com.br\/blog\/wp-json\/wp\/v2\/tags?post=406"}],"curies":[{"name":"wp","href":"https:\/\/api.w.org\/{rel}","templated":true}]}}